{"id":92324,"date":"2025-10-24T13:53:32","date_gmt":"2025-10-24T10:53:32","guid":{"rendered":"https:\/\/www.almamedia.fi\/mainostajat\/?p=92324"},"modified":"2025-10-24T13:53:35","modified_gmt":"2025-10-24T10:53:35","slug":"state-of-programmatic-globaalit-trendit-ja-kasvun-ajurit-ohjelmallisessa-mainonnassa","status":"publish","type":"post","link":"https:\/\/www.almamedia.fi\/mainostajat\/state-of-programmatic-globaalit-trendit-ja-kasvun-ajurit-ohjelmallisessa-mainonnassa\/","title":{"rendered":"State of Programmatic: Globaalit trendit ja kasvun ajurit ohjelmallisessa mainonnassa"},"content":{"rendered":"\n<p><strong>Ohjelmallinen mainonta jatkaa vahvaa kasvuaan maailmalla, vaikka avoimen internetin kehitys on hidastunut. Uudet kanavat, laadun korostaminen ja datan \u00e4lyk\u00e4s hy\u00f6dynt\u00e4minen avaavat kuitenkin merkitt\u00e4vi\u00e4 mahdollisuuksia my\u00f6s Suomen markkinalle.<\/strong><\/p>\n\n\n\n<h2 class=\"wp-block-heading\">Ohjelmallisen ostotavan globaali kasvu jatkuu, veturina suljetut ekosysteemit<\/h2>\n\n\n\n<p>Ohjelmallinen mainonta kasvaa edelleen globaalisti. EMARKETERin mukaan Yhdysvalloissa jopa 92 % display-mainonnan investoinneista kulkee ohjelmallisten kanavien kautta. T\u00e4m\u00e4 luku sis\u00e4lt\u00e4\u00e4 kuitenkin my\u00f6s suljetut ekosysteemit, kuten sosiaalisen median alustat. Kun tarkastellaan vain avointa interneti\u00e4, kasvu on hidastunut tai jopa pys\u00e4htynyt. Suljetut ymp\u00e4rist\u00f6t haukkaavat valtaosan kasvusta, mik\u00e4 muuttaa markkinan dynamiikkaa.<\/p>\n\n\n\n<h2 class=\"wp-block-heading\">Attention kasvun vauhdittajaksi Suomessa?<\/h2>\n\n\n\n<p>Vaikka avoimen internetin kasvu on t\u00e4ll\u00e4 hetkell\u00e4 maltillista, globaalisti vahvassa nousussa ovat CTV (Connected TV) ja DOOH (Digital Out-of-home), sek\u00e4 my\u00f6s audio ja retail media, jotka kasvattavat rooliaan ohjelmallisessa ostamisessa (WARC: Future of Programmatic 2025).<\/p>\n\n\n\n<p>Globaalit trendit vaikuttavat my\u00f6s Suomessa ohjelmalliseen mainontaan, mutta kasvuluvuista n\u00e4hd\u00e4\u00e4n, ett\u00e4 Suomen markkinassa on my\u00f6s paljon piirteit\u00e4, jotka poikkeavat globaaleista trendeist\u00e4.<\/p>\n\n\n\n<p>Alma Median <a href=\"https:\/\/www.almamedia.fi\/mainostajat\/nain-suomi-bidaa-vuonna-2025-lataa-ohjelmallisen-mainonnan-katsaus\/\"><em>N\u00e4in Suomi Bidaa<\/em> -tutkimuksessa<\/a> attention nousi vuoden 2025 t\u00e4rkeimm\u00e4ksi teemaksi ja uskomme, ett\u00e4 se voi vauhdittaa display-mainonnan kasvua Suomen markkinalla. Panostus laatuun ja huomion mittaamiseen voi olla ratkaiseva tekij\u00e4 ohjelmallisen kasvun kannalta.<\/p>\n\n\n\n<h2 class=\"wp-block-heading\">Teko\u00e4ly ja avoimen internetin ev\u00e4steett\u00f6myys ajavat suljettujen ekosysteemien kasvua<\/h2>\n\n\n\n<p>Iso osa avoimesta internetist\u00e4 on jo t\u00e4ll\u00e4 hetkell\u00e4 n\u00e4kym\u00e4t\u00f6nt\u00e4 adtechille ja se on johtanut siihen, ett\u00e4 mainostajat ovat hyvin riippuvaisia isojen alustojen tarjoamasta datasta. T\u00e4m\u00e4 ei ole t\u00e4ysin ongelmatonta, sill\u00e4 mainonnan kontrolli siirtyy yh\u00e4 enemm\u00e4n teko\u00e4lypohjaisille alustoille ja br\u00e4ndeille voi olla vaikeaa seurata muun muassa kontekstia, jossa mainonta n\u00e4kyy.<\/p>\n\n\n\n<p>Kuratoidut markkinapaikat ovat yksi suurista globaaleista trendeist\u00e4, ja niiden merkitys kasvaa my\u00f6s Suomessa. Markkinapaikkojen etuina n\u00e4hd\u00e4\u00e4n muun muassa parempi ROI ja korkeampi match rate. Toteutustapa kuitenkin ratkaisee, saadaanko kuraatiolla selke\u00e4\u00e4 hy\u00f6ty\u00e4 mainostajalle. <\/p>\n\n\n\n<p>My\u00f6s Tukholmassa j\u00e4rjestetyss\u00e4 Stockholm Programmatic Summit -tapahtumassa nostettiin kuraatio esille vahvana trendin\u00e4 ja ennustettiin markkinapaikkojen jatkavan yleistyv\u00e4n\u00e4 ostotapana vuonna 2026. Uudempana n\u00e4k\u00f6kulmana nostettiin esille my\u00f6s julkaisijoiden isompi rooli markkinapaikkojen inventaarin tarjoamassa muun muassa l\u00e4hetett\u00e4vien mainoskutsujen ja eri kohdentamisen vaihtoehtojen n\u00e4k\u00f6kulmasta.<\/p>\n\n\n\n<p>Lontoon Programmatic Pioneers -seminaarissa markkinointitoimisto WPP:n perustaja <strong>Sir Martin Sorrel<\/strong> linjasi seuraavien ohjelmallisen mainonnan megatrendien olevan hyvin teko\u00e4lyvetoisia ja vahvistavan isojen alustojen vaikutusvaltaa entisest\u00e4\u00e4n. Kampanjasuunnittelu sek\u00e4 erilliset osto- ja myyntij\u00e4rjestelm\u00e4t nykyisell\u00e4\u00e4n tulevat h\u00e4nen mukaan j\u00e4\u00e4m\u00e4\u00e4n historiaan ja uudenlaisissa \u201dalgorithmic planner\u201d -rooleissa lis\u00e4arvo luodaan tuomalla mainostajille ymm\u00e4rryst\u00e4 siit\u00e4, miten teko\u00e4ly\u00e4 hy\u00f6dynnet\u00e4\u00e4n br\u00e4ndien n\u00e4k\u00f6kulmasta.<\/p>\n\n\n\n<h2 class=\"wp-block-heading\">Mit\u00e4 t\u00e4m\u00e4 kaikki tarkoittaa mainostajalle t\u00e4ss\u00e4 hetkess\u00e4?<\/h2>\n\n\n\n<ul class=\"wp-block-list\">\n<li>Panosta laatuun ja huomioon: Attention ja inventaarin laatu ovat keskeisi\u00e4 kilpailutekij\u00f6it\u00e4.<\/li>\n\n\n\n<li>Avoin internet ja ev\u00e4steet\u00f6n ymp\u00e4rist\u00f6: Rakenna ja hy\u00f6dynn\u00e4 ensimm\u00e4isen osapuolen dataa ja ota kontekstuaalinen kohdentaminen osaksi strategiaa.<\/li>\n\n\n\n<li>Hajauta ja hallitse riskej\u00e4: \u00c4l\u00e4 nojaa liikaa isoihin alustoihin, vaan jaa budjettia monipuolisesti.<\/li>\n<\/ul>\n","protected":false},"excerpt":{"rendered":"<p>Ohjelmallinen mainonta jatkaa vahvaa kasvuaan maailmalla, vaikka avoimen internetin kehitys on hidastunut. Uudet kanavat, laadun [&hellip;]<\/p>\n","protected":false},"author":108,"featured_media":89342,"comment_status":"closed","ping_status":"closed","sticky":false,"template":"","format":"standard","meta":{"_acf_changed":false,"footnotes":""},"categories":[250],"tags":[],"class_list":["post-92324","post","type-post","status-publish","format-standard","has-post-thumbnail","hentry","category-ohjelmallinen-mainonta"],"acf":[],"yoast_head":"<!-- This site is optimized with the Yoast SEO plugin v26.9 - https:\/\/yoast.com\/product\/yoast-seo-wordpress\/ -->\n<title>State of Programmatic: Globaalit trendit ja kasvun ajurit ohjelmallisessa mainonnassa - Alma Media - mainostajat<\/title>\n<meta name=\"description\" content=\"Huomion saaminen on oleellinen asia miss\u00e4 tahansa kontekstissa, kun halutaan saada viesti l\u00e4pi. Lue mit\u00e4 tulee ottaa huomioon huomioarvosta.\" \/>\n<meta name=\"robots\" content=\"index, follow, max-snippet:-1, max-image-preview:large, max-video-preview:-1\" \/>\n<link rel=\"canonical\" href=\"https:\/\/www.almamedia.fi\/mainostajat\/state-of-programmatic-globaalit-trendit-ja-kasvun-ajurit-ohjelmallisessa-mainonnassa\/\" \/>\n<meta property=\"og:locale\" content=\"fi_FI\" \/>\n<meta property=\"og:type\" content=\"article\" \/>\n<meta property=\"og:title\" content=\"State of Programmatic: Globaalit trendit ja kasvun ajurit ohjelmallisessa mainonnassa - Alma Media - mainostajat\" \/>\n<meta property=\"og:description\" content=\"Huomion saaminen on oleellinen asia miss\u00e4 tahansa kontekstissa, kun halutaan saada viesti l\u00e4pi. Lue mit\u00e4 tulee ottaa huomioon huomioarvosta.\" \/>\n<meta property=\"og:url\" content=\"https:\/\/www.almamedia.fi\/mainostajat\/state-of-programmatic-globaalit-trendit-ja-kasvun-ajurit-ohjelmallisessa-mainonnassa\/\" \/>\n<meta property=\"og:site_name\" content=\"Alma Media - mainostajat\" \/>\n<meta property=\"article:published_time\" content=\"2025-10-24T10:53:32+00:00\" \/>\n<meta property=\"article:modified_time\" content=\"2025-10-24T10:53:35+00:00\" \/>\n<meta property=\"og:image\" content=\"https:\/\/www.almamedia.fi\/mainostajat\/wp-content\/uploads\/sites\/6\/shutterstock_1264066333-scaled.jpg\" \/>\n\t<meta property=\"og:image:width\" content=\"2048\" \/>\n\t<meta property=\"og:image:height\" content=\"1365\" \/>\n\t<meta property=\"og:image:type\" content=\"image\/jpeg\" \/>\n<meta name=\"author\" content=\"tiina-mari.haka\" \/>\n<meta name=\"twitter:card\" content=\"summary_large_image\" \/>\n<meta name=\"twitter:label1\" content=\"Kirjoittanut\" \/>\n\t<meta name=\"twitter:data1\" content=\"tiina-mari.haka\" \/>\n\t<meta name=\"twitter:label2\" content=\"Arvioitu lukuaika\" \/>\n\t<meta name=\"twitter:data2\" content=\"3 minuuttia\" \/>\n<script type=\"application\/ld+json\" class=\"yoast-schema-graph\">{\"@context\":\"https:\/\/schema.org\",\"@graph\":[{\"@type\":\"Article\",\"@id\":\"https:\/\/www.almamedia.fi\/mainostajat\/state-of-programmatic-globaalit-trendit-ja-kasvun-ajurit-ohjelmallisessa-mainonnassa\/#article\",\"isPartOf\":{\"@id\":\"https:\/\/www.almamedia.fi\/mainostajat\/state-of-programmatic-globaalit-trendit-ja-kasvun-ajurit-ohjelmallisessa-mainonnassa\/\"},\"author\":{\"name\":\"tiina-mari.haka\",\"@id\":\"https:\/\/www.almamedia.fi\/mainostajat\/#\/schema\/person\/035eac1bceb8fcc558aba35c1698384a\"},\"headline\":\"State of Programmatic: Globaalit trendit ja kasvun ajurit ohjelmallisessa mainonnassa\",\"datePublished\":\"2025-10-24T10:53:32+00:00\",\"dateModified\":\"2025-10-24T10:53:35+00:00\",\"mainEntityOfPage\":{\"@id\":\"https:\/\/www.almamedia.fi\/mainostajat\/state-of-programmatic-globaalit-trendit-ja-kasvun-ajurit-ohjelmallisessa-mainonnassa\/\"},\"wordCount\":484,\"publisher\":{\"@id\":\"https:\/\/www.almamedia.fi\/mainostajat\/#organization\"},\"image\":{\"@id\":\"https:\/\/www.almamedia.fi\/mainostajat\/state-of-programmatic-globaalit-trendit-ja-kasvun-ajurit-ohjelmallisessa-mainonnassa\/#primaryimage\"},\"thumbnailUrl\":\"https:\/\/www.almamedia.fi\/mainostajat\/wp-content\/uploads\/sites\/6\/shutterstock_1264066333-scaled.jpg\",\"articleSection\":[\"Ohjelmallinen mainonta\"],\"inLanguage\":\"fi\"},{\"@type\":\"WebPage\",\"@id\":\"https:\/\/www.almamedia.fi\/mainostajat\/state-of-programmatic-globaalit-trendit-ja-kasvun-ajurit-ohjelmallisessa-mainonnassa\/\",\"url\":\"https:\/\/www.almamedia.fi\/mainostajat\/state-of-programmatic-globaalit-trendit-ja-kasvun-ajurit-ohjelmallisessa-mainonnassa\/\",\"name\":\"State of Programmatic: Globaalit trendit ja kasvun ajurit ohjelmallisessa mainonnassa - Alma Media - mainostajat\",\"isPartOf\":{\"@id\":\"https:\/\/www.almamedia.fi\/mainostajat\/#website\"},\"primaryImageOfPage\":{\"@id\":\"https:\/\/www.almamedia.fi\/mainostajat\/state-of-programmatic-globaalit-trendit-ja-kasvun-ajurit-ohjelmallisessa-mainonnassa\/#primaryimage\"},\"image\":{\"@id\":\"https:\/\/www.almamedia.fi\/mainostajat\/state-of-programmatic-globaalit-trendit-ja-kasvun-ajurit-ohjelmallisessa-mainonnassa\/#primaryimage\"},\"thumbnailUrl\":\"https:\/\/www.almamedia.fi\/mainostajat\/wp-content\/uploads\/sites\/6\/shutterstock_1264066333-scaled.jpg\",\"datePublished\":\"2025-10-24T10:53:32+00:00\",\"dateModified\":\"2025-10-24T10:53:35+00:00\",\"description\":\"Huomion saaminen on oleellinen asia miss\u00e4 tahansa kontekstissa, kun halutaan saada viesti l\u00e4pi. Lue mit\u00e4 tulee ottaa huomioon huomioarvosta.\",\"breadcrumb\":{\"@id\":\"https:\/\/www.almamedia.fi\/mainostajat\/state-of-programmatic-globaalit-trendit-ja-kasvun-ajurit-ohjelmallisessa-mainonnassa\/#breadcrumb\"},\"inLanguage\":\"fi\",\"potentialAction\":[{\"@type\":\"ReadAction\",\"target\":[\"https:\/\/www.almamedia.fi\/mainostajat\/state-of-programmatic-globaalit-trendit-ja-kasvun-ajurit-ohjelmallisessa-mainonnassa\/\"]}]},{\"@type\":\"ImageObject\",\"inLanguage\":\"fi\",\"@id\":\"https:\/\/www.almamedia.fi\/mainostajat\/state-of-programmatic-globaalit-trendit-ja-kasvun-ajurit-ohjelmallisessa-mainonnassa\/#primaryimage\",\"url\":\"https:\/\/www.almamedia.fi\/mainostajat\/wp-content\/uploads\/sites\/6\/shutterstock_1264066333-scaled.jpg\",\"contentUrl\":\"https:\/\/www.almamedia.fi\/mainostajat\/wp-content\/uploads\/sites\/6\/shutterstock_1264066333-scaled.jpg\",\"width\":2048,\"height\":1365},{\"@type\":\"BreadcrumbList\",\"@id\":\"https:\/\/www.almamedia.fi\/mainostajat\/state-of-programmatic-globaalit-trendit-ja-kasvun-ajurit-ohjelmallisessa-mainonnassa\/#breadcrumb\",\"itemListElement\":[{\"@type\":\"ListItem\",\"position\":1,\"name\":\"Etusivu\",\"item\":\"https:\/\/www.almamedia.fi\/mainostajat\/\"},{\"@type\":\"ListItem\",\"position\":2,\"name\":\"State of Programmatic: Globaalit trendit ja kasvun ajurit ohjelmallisessa mainonnassa\"}]},{\"@type\":\"WebSite\",\"@id\":\"https:\/\/www.almamedia.fi\/mainostajat\/#website\",\"url\":\"https:\/\/www.almamedia.fi\/mainostajat\/\",\"name\":\"Alma Media - mainostajat\",\"description\":\"\",\"publisher\":{\"@id\":\"https:\/\/www.almamedia.fi\/mainostajat\/#organization\"},\"potentialAction\":[{\"@type\":\"SearchAction\",\"target\":{\"@type\":\"EntryPoint\",\"urlTemplate\":\"https:\/\/www.almamedia.fi\/mainostajat\/?s={search_term_string}\"},\"query-input\":{\"@type\":\"PropertyValueSpecification\",\"valueRequired\":true,\"valueName\":\"search_term_string\"}}],\"inLanguage\":\"fi\"},{\"@type\":\"Organization\",\"@id\":\"https:\/\/www.almamedia.fi\/mainostajat\/#organization\",\"name\":\"Alma Media - mainostajat\",\"url\":\"https:\/\/www.almamedia.fi\/mainostajat\/\",\"logo\":{\"@type\":\"ImageObject\",\"inLanguage\":\"fi\",\"@id\":\"https:\/\/www.almamedia.fi\/mainostajat\/#\/schema\/logo\/image\/\",\"url\":\"https:\/\/www.almamedia.fi\/mainostajat\/wp-content\/uploads\/sites\/6\/alma-media-logo-valkoinen.svg\",\"contentUrl\":\"https:\/\/www.almamedia.fi\/mainostajat\/wp-content\/uploads\/sites\/6\/alma-media-logo-valkoinen.svg\",\"width\":49,\"height\":50,\"caption\":\"Alma Media - mainostajat\"},\"image\":{\"@id\":\"https:\/\/www.almamedia.fi\/mainostajat\/#\/schema\/logo\/image\/\"}},{\"@type\":\"Person\",\"@id\":\"https:\/\/www.almamedia.fi\/mainostajat\/#\/schema\/person\/035eac1bceb8fcc558aba35c1698384a\",\"name\":\"tiina-mari.haka\"}]}<\/script>\n<!-- \/ Yoast SEO plugin. -->","yoast_head_json":{"title":"State of Programmatic: Globaalit trendit ja kasvun ajurit ohjelmallisessa mainonnassa - Alma Media - mainostajat","description":"Huomion saaminen on oleellinen asia miss\u00e4 tahansa kontekstissa, kun halutaan saada viesti l\u00e4pi. Lue mit\u00e4 tulee ottaa huomioon huomioarvosta.","robots":{"index":"index","follow":"follow","max-snippet":"max-snippet:-1","max-image-preview":"max-image-preview:large","max-video-preview":"max-video-preview:-1"},"canonical":"https:\/\/www.almamedia.fi\/mainostajat\/state-of-programmatic-globaalit-trendit-ja-kasvun-ajurit-ohjelmallisessa-mainonnassa\/","og_locale":"fi_FI","og_type":"article","og_title":"State of Programmatic: Globaalit trendit ja kasvun ajurit ohjelmallisessa mainonnassa - Alma Media - mainostajat","og_description":"Huomion saaminen on oleellinen asia miss\u00e4 tahansa kontekstissa, kun halutaan saada viesti l\u00e4pi. Lue mit\u00e4 tulee ottaa huomioon huomioarvosta.","og_url":"https:\/\/www.almamedia.fi\/mainostajat\/state-of-programmatic-globaalit-trendit-ja-kasvun-ajurit-ohjelmallisessa-mainonnassa\/","og_site_name":"Alma Media - mainostajat","article_published_time":"2025-10-24T10:53:32+00:00","article_modified_time":"2025-10-24T10:53:35+00:00","og_image":[{"width":2048,"height":1365,"url":"https:\/\/www.almamedia.fi\/mainostajat\/wp-content\/uploads\/sites\/6\/shutterstock_1264066333-scaled.jpg","type":"image\/jpeg"}],"author":"tiina-mari.haka","twitter_card":"summary_large_image","twitter_misc":{"Kirjoittanut":"tiina-mari.haka","Arvioitu lukuaika":"3 minuuttia"},"schema":{"@context":"https:\/\/schema.org","@graph":[{"@type":"Article","@id":"https:\/\/www.almamedia.fi\/mainostajat\/state-of-programmatic-globaalit-trendit-ja-kasvun-ajurit-ohjelmallisessa-mainonnassa\/#article","isPartOf":{"@id":"https:\/\/www.almamedia.fi\/mainostajat\/state-of-programmatic-globaalit-trendit-ja-kasvun-ajurit-ohjelmallisessa-mainonnassa\/"},"author":{"name":"tiina-mari.haka","@id":"https:\/\/www.almamedia.fi\/mainostajat\/#\/schema\/person\/035eac1bceb8fcc558aba35c1698384a"},"headline":"State of Programmatic: Globaalit trendit ja kasvun ajurit ohjelmallisessa mainonnassa","datePublished":"2025-10-24T10:53:32+00:00","dateModified":"2025-10-24T10:53:35+00:00","mainEntityOfPage":{"@id":"https:\/\/www.almamedia.fi\/mainostajat\/state-of-programmatic-globaalit-trendit-ja-kasvun-ajurit-ohjelmallisessa-mainonnassa\/"},"wordCount":484,"publisher":{"@id":"https:\/\/www.almamedia.fi\/mainostajat\/#organization"},"image":{"@id":"https:\/\/www.almamedia.fi\/mainostajat\/state-of-programmatic-globaalit-trendit-ja-kasvun-ajurit-ohjelmallisessa-mainonnassa\/#primaryimage"},"thumbnailUrl":"https:\/\/www.almamedia.fi\/mainostajat\/wp-content\/uploads\/sites\/6\/shutterstock_1264066333-scaled.jpg","articleSection":["Ohjelmallinen mainonta"],"inLanguage":"fi"},{"@type":"WebPage","@id":"https:\/\/www.almamedia.fi\/mainostajat\/state-of-programmatic-globaalit-trendit-ja-kasvun-ajurit-ohjelmallisessa-mainonnassa\/","url":"https:\/\/www.almamedia.fi\/mainostajat\/state-of-programmatic-globaalit-trendit-ja-kasvun-ajurit-ohjelmallisessa-mainonnassa\/","name":"State of Programmatic: Globaalit trendit ja kasvun ajurit ohjelmallisessa mainonnassa - Alma Media - mainostajat","isPartOf":{"@id":"https:\/\/www.almamedia.fi\/mainostajat\/#website"},"primaryImageOfPage":{"@id":"https:\/\/www.almamedia.fi\/mainostajat\/state-of-programmatic-globaalit-trendit-ja-kasvun-ajurit-ohjelmallisessa-mainonnassa\/#primaryimage"},"image":{"@id":"https:\/\/www.almamedia.fi\/mainostajat\/state-of-programmatic-globaalit-trendit-ja-kasvun-ajurit-ohjelmallisessa-mainonnassa\/#primaryimage"},"thumbnailUrl":"https:\/\/www.almamedia.fi\/mainostajat\/wp-content\/uploads\/sites\/6\/shutterstock_1264066333-scaled.jpg","datePublished":"2025-10-24T10:53:32+00:00","dateModified":"2025-10-24T10:53:35+00:00","description":"Huomion saaminen on oleellinen asia miss\u00e4 tahansa kontekstissa, kun halutaan saada viesti l\u00e4pi. Lue mit\u00e4 tulee ottaa huomioon huomioarvosta.","breadcrumb":{"@id":"https:\/\/www.almamedia.fi\/mainostajat\/state-of-programmatic-globaalit-trendit-ja-kasvun-ajurit-ohjelmallisessa-mainonnassa\/#breadcrumb"},"inLanguage":"fi","potentialAction":[{"@type":"ReadAction","target":["https:\/\/www.almamedia.fi\/mainostajat\/state-of-programmatic-globaalit-trendit-ja-kasvun-ajurit-ohjelmallisessa-mainonnassa\/"]}]},{"@type":"ImageObject","inLanguage":"fi","@id":"https:\/\/www.almamedia.fi\/mainostajat\/state-of-programmatic-globaalit-trendit-ja-kasvun-ajurit-ohjelmallisessa-mainonnassa\/#primaryimage","url":"https:\/\/www.almamedia.fi\/mainostajat\/wp-content\/uploads\/sites\/6\/shutterstock_1264066333-scaled.jpg","contentUrl":"https:\/\/www.almamedia.fi\/mainostajat\/wp-content\/uploads\/sites\/6\/shutterstock_1264066333-scaled.jpg","width":2048,"height":1365},{"@type":"BreadcrumbList","@id":"https:\/\/www.almamedia.fi\/mainostajat\/state-of-programmatic-globaalit-trendit-ja-kasvun-ajurit-ohjelmallisessa-mainonnassa\/#breadcrumb","itemListElement":[{"@type":"ListItem","position":1,"name":"Etusivu","item":"https:\/\/www.almamedia.fi\/mainostajat\/"},{"@type":"ListItem","position":2,"name":"State of Programmatic: Globaalit trendit ja kasvun ajurit ohjelmallisessa mainonnassa"}]},{"@type":"WebSite","@id":"https:\/\/www.almamedia.fi\/mainostajat\/#website","url":"https:\/\/www.almamedia.fi\/mainostajat\/","name":"Alma Media - mainostajat","description":"","publisher":{"@id":"https:\/\/www.almamedia.fi\/mainostajat\/#organization"},"potentialAction":[{"@type":"SearchAction","target":{"@type":"EntryPoint","urlTemplate":"https:\/\/www.almamedia.fi\/mainostajat\/?s={search_term_string}"},"query-input":{"@type":"PropertyValueSpecification","valueRequired":true,"valueName":"search_term_string"}}],"inLanguage":"fi"},{"@type":"Organization","@id":"https:\/\/www.almamedia.fi\/mainostajat\/#organization","name":"Alma Media - mainostajat","url":"https:\/\/www.almamedia.fi\/mainostajat\/","logo":{"@type":"ImageObject","inLanguage":"fi","@id":"https:\/\/www.almamedia.fi\/mainostajat\/#\/schema\/logo\/image\/","url":"https:\/\/www.almamedia.fi\/mainostajat\/wp-content\/uploads\/sites\/6\/alma-media-logo-valkoinen.svg","contentUrl":"https:\/\/www.almamedia.fi\/mainostajat\/wp-content\/uploads\/sites\/6\/alma-media-logo-valkoinen.svg","width":49,"height":50,"caption":"Alma Media - mainostajat"},"image":{"@id":"https:\/\/www.almamedia.fi\/mainostajat\/#\/schema\/logo\/image\/"}},{"@type":"Person","@id":"https:\/\/www.almamedia.fi\/mainostajat\/#\/schema\/person\/035eac1bceb8fcc558aba35c1698384a","name":"tiina-mari.haka"}]}},"lang":"fi","translations":{"fi":92324,"en":92544},"pll_sync_post":[],"_links":{"self":[{"href":"https:\/\/www.almamedia.fi\/mainostajat\/wp-json\/wp\/v2\/posts\/92324","targetHints":{"allow":["GET"]}}],"collection":[{"href":"https:\/\/www.almamedia.fi\/mainostajat\/wp-json\/wp\/v2\/posts"}],"about":[{"href":"https:\/\/www.almamedia.fi\/mainostajat\/wp-json\/wp\/v2\/types\/post"}],"author":[{"embeddable":true,"href":"https:\/\/www.almamedia.fi\/mainostajat\/wp-json\/wp\/v2\/users\/108"}],"replies":[{"embeddable":true,"href":"https:\/\/www.almamedia.fi\/mainostajat\/wp-json\/wp\/v2\/comments?post=92324"}],"version-history":[{"count":0,"href":"https:\/\/www.almamedia.fi\/mainostajat\/wp-json\/wp\/v2\/posts\/92324\/revisions"}],"wp:featuredmedia":[{"embeddable":true,"href":"https:\/\/www.almamedia.fi\/mainostajat\/wp-json\/wp\/v2\/media\/89342"}],"wp:attachment":[{"href":"https:\/\/www.almamedia.fi\/mainostajat\/wp-json\/wp\/v2\/media?parent=92324"}],"wp:term":[{"taxonomy":"category","embeddable":true,"href":"https:\/\/www.almamedia.fi\/mainostajat\/wp-json\/wp\/v2\/categories?post=92324"},{"taxonomy":"post_tag","embeddable":true,"href":"https:\/\/www.almamedia.fi\/mainostajat\/wp-json\/wp\/v2\/tags?post=92324"}],"curies":[{"name":"wp","href":"https:\/\/api.w.org\/{rel}","templated":true}]}}