{"id":88269,"date":"2023-05-06T10:32:00","date_gmt":"2023-05-06T07:32:00","guid":{"rendered":"https:\/\/www.almamedia.fi\/mainostajat\/?p=88269"},"modified":"2025-05-06T10:34:19","modified_gmt":"2025-05-06T07:34:19","slug":"tutustu-ohjelmallisen-mainonnan-tiimiin","status":"publish","type":"post","link":"https:\/\/www.almamedia.fi\/mainostajat\/tutustu-ohjelmallisen-mainonnan-tiimiin\/","title":{"rendered":"Tutustu ohjelmallisen mainonnan tiimiin"},"content":{"rendered":"\n<p>Alman ohjelmallisen mainonnan tiimi huolehtii, ett\u00e4 mainonnan j\u00e4rjestelm\u00e4t toimivat kuten niiden pit\u00e4\u00e4, ratkovat mahdollisia ongelmatilanteita ja auttavat asiakkaitamme tekem\u00e4\u00e4n parasta mahdollista ohjelmallista mainontaa Suomen suurimmassa digiverkostossa.<\/p>\n\n\n\n<p>Kev\u00e4\u00e4ll\u00e4 2023 tiimiss\u00e4 ty\u00f6skentelee yhteens\u00e4 nelj\u00e4 digimainonnan ammattilaista. Millaisia tyyppej\u00e4 tiimist\u00e4 l\u00f6ytyy ja millaisia mielenkiintoista ohjelmallisen mainonnan tai laajemmin digimarkkinoinnin ilmi\u00f6it\u00e4 kannattaa heid\u00e4n mielest\u00e4\u00e4n pit\u00e4\u00e4 silm\u00e4ll\u00e4 juuri nyt? Otimme siit\u00e4 selv\u00e4\u00e4 ja kysyimme muutaman kysymyksen. Tiesitk\u00f6, ett\u00e4 tiimist\u00e4 l\u00f6ytyy muun muassa intohimoinen Porin \u00c4ssien fani, melkein toimittaja ja roller derbyn harrastaja?<em><\/em><\/p>\n\n\n\n<p><\/p>\n\n\n\n<div style=\"height:100px\" aria-hidden=\"true\" class=\"wp-block-spacer\"><\/div>\n\n\n\n\n\n\n<div  class=\"alma-spacer\">\n    <div class=\"spacer\" style=\"height: 0px;\"><\/div>    \n<\/div>\n\n\n\n\n\n\n\n<div class=\"wp-block-columns is-layout-flex wp-container-core-columns-is-layout-9d6595d7 wp-block-columns-is-layout-flex\">\n<div class=\"wp-block-column is-layout-flow wp-block-column-is-layout-flow\" style=\"flex-basis:66.66%\">\n<h2 class=\"wp-block-heading\">Maarit Toivonen<\/h2>\n\n\n\n<h3 class=\"wp-block-heading\">Programmatic Manager, Team Lead<\/h3>\n\n\n\n<p><strong>Kuka olet ja mit\u00e4 teet Almalla?<\/strong><\/p>\n\n\n\n<p>Olen Maarit Toivonen ja toimin Alman ohjelmallisen tiimin Team Leadina. Vastuulleni kuuluu esimerkiksi Alman ohjelmallisen mainonnan strategia, mutta ennen kaikkea tiimil\u00e4isten hyvinvointi.<\/p>\n\n\n\n<p><strong>Mik\u00e4 on parasta ty\u00f6ss\u00e4si?<\/strong><\/p>\n\n\n\n<p>Parasta on se, ettei ole mit\u00e4\u00e4n oppikirjaa ohjelmalliseen mainontaan, vaan p\u00e4\u00e4semme itse tekem\u00e4\u00e4n tiimist\u00e4mme ja ty\u00f6st\u00e4mme oman n\u00e4k\u00f6isen. Joskus j\u00e4rjestet\u00e4\u00e4n asiakastapahtumaa, toisinaan pohditaan prebid-set-uppia ja joinakin p\u00e4ivin\u00e4 uppoudutaan Excelin py\u00f6ritt\u00e4miseen. Aina tulee jotain uutta, mit\u00e4 p\u00e4\u00e4see opiskelemaan.<\/p>\n\n\n\n<p><strong>Mik\u00e4 on supervoimasi ohjelmallisen mainonnan parissa?<\/strong><\/p>\n\n\n\n<p>Kaipa olen hyv\u00e4 puhumaan ohjelmallisen monimutkaisista asioista simppelisti. Tykk\u00e4\u00e4n my\u00f6s mietiskell\u00e4 ohjelmallisen isompia muutoksia, ja pohtia seurauksia ja syit\u00e4 niiden takana.<\/p>\n\n\n\n<p><strong>Jos et olisi digimainonnan ammattilainen, niin mit\u00e4 tekisit ty\u00f6ksesi?<\/strong><\/p>\n\n\n\n<p>Vaikea kysymys! Kirjailija tai journalisti ei varmasti olisi kovinkaan huono veikkaus.<\/p>\n\n\n\n<p><strong>Mik\u00e4 on mielenkiintoisin ilmi\u00f6 juuri nyt digimarkkinoinnin tai ohjelmallisen mainonnan parissa?<\/strong><\/p>\n\n\n\n<p>SPO eli supply path optimization. T\u00e4st\u00e4 on puhuttu vuosia, mutta aihe tuntuu ottavan jatkuvasti uusia olomuotoja. Nyt SSP:t ovat keksineet tulen uudestaan ja jokaisella alkaa olla tarjolla erilainen kuraatiomalli. On mielenkiintoista seurata mit\u00e4 kaikkia ilmenemismuotoja trendill\u00e4 on, ja mihin muutos lopulta p\u00e4\u00e4ttyy. Me tiimiss\u00e4 tietysti pohdimme, mitk\u00e4 mallit ovat Almalle mielenkiintoisia.<\/p>\n\n\n\n<p><strong>Kerro jokin yll\u00e4tt\u00e4v\u00e4 fakta itsest\u00e4si!<\/strong><\/p>\n\n\n\n<p>Olen kotoisin Porista, ja olen viett\u00e4nyt lukemattomia iltoja Isom\u00e4en seisomakatsomossa huutaen tuomareille r\u00e4\u00e4vitt\u00f6myyksi\u00e4 (kuten tapoihin kuuluu). Yksi el\u00e4m\u00e4ni ikimuistoisimmista hetkist\u00e4 oli Porin \u00c4ssien mestaruusjuhlat Porin torilla vuonna 2013. Joskus taas uudestaan!<\/p>\n<\/div>\n\n\n\n<div class=\"wp-block-column is-layout-flow wp-block-column-is-layout-flow\" style=\"flex-basis:33.33%\">\n\n\n\n<div  class=\"alma-spacer\">\n    <div class=\"spacer\" style=\"height: 0px;\"><\/div>    \n<\/div>\n\n\n\n\n\n\n\n<figure class=\"wp-block-image size-large is-resized\"><img decoding=\"async\" src=\"https:\/\/www.almamedia.fi\/wp-content\/uploads\/2023\/05\/MicrosoftTeams-image-4-683x1024.jpg\" alt=\"\" class=\"wp-image-65575\" style=\"width:566px\"\/><\/figure>\n<\/div>\n<\/div>\n\n\n\n<div style=\"height:100px\" aria-hidden=\"true\" class=\"wp-block-spacer\"><\/div>\n\n\n\n\n\n\n<div  class=\"alma-spacer\">\n    <div class=\"spacer\" style=\"height: 0px;\"><\/div>    \n<\/div>\n\n\n\n\n\n\n\n<div class=\"wp-block-columns is-layout-flex wp-container-core-columns-is-layout-9d6595d7 wp-block-columns-is-layout-flex\">\n<div class=\"wp-block-column is-layout-flow wp-block-column-is-layout-flow\" style=\"flex-basis:66.66%\">\n<h2 class=\"wp-block-heading\">Tanja Jaatinen<\/h2>\n\n\n\n<h3 class=\"wp-block-heading\">Programmatic Manager<\/h3>\n\n\n\n<p><strong>Kuka olet ja mit\u00e4 teet Almalla?<\/strong><\/p>\n\n\n\n<p>Olen Tanja Jaatinen ja toimin ohjelmallisen mainonnan asiantuntijana Alma Mediaratkaisuissa. Ty\u00f6skentelen Alma-tasoisesti niin mainostaja-asiakkaiden kuin sis\u00e4isten sidosryhmien suuntaan. K\u00e4yt\u00e4nn\u00f6ss\u00e4 t\u00e4m\u00e4 tarkoittaa sit\u00e4, ett\u00e4 saan vied\u00e4 ohjelmallisen mainonnan ilosanomaa eteenp\u00e4in ja ratkaista siihen liittyvi\u00e4 haasteita todella monesta eri n\u00e4k\u00f6kulmasta.<\/p>\n\n\n\n<p><strong>Mik\u00e4 on parasta ty\u00f6ss\u00e4si?<\/strong><\/p>\n\n\n\n<p>Vastaan t\u00e4h\u00e4n samalla tavalla kuin 8 v. poikani, kun kysyn, mik\u00e4 oli p\u00e4iv\u00e4ss\u00e4 parasta. Kaikki!<\/p>\n\n\n\n<p><strong>Mik\u00e4 on supervoimasi ohjelmallisen mainonnan parissa?<\/strong><\/p>\n\n\n\n<p>Uteliaisuus asioita ja ihmisi\u00e4 kohtaan<\/p>\n\n\n\n<p><strong>Jos et olisi digimainonnan ammattilainen, niin mit\u00e4 tekisit ty\u00f6ksesi?<\/strong><\/p>\n\n\n\n<p>Olisin ehk\u00e4 vanhan liiton toimittaja (urani alussa melkein p\u00e4\u00e4dyin toimitusharjoittelijaksi L\u00e4nsi-Uusimaa -lehteen).<\/p>\n\n\n\n<p><strong>Mik\u00e4 on mielenkiintoisin ilmi\u00f6 juuri nyt digimarkkinoinnin tai ohjelmallisen mainonnan parissa?<\/strong><\/p>\n\n\n\n<p>On ollut mielenkiintoista n\u00e4hd\u00e4, miten mainonnan automatisointi ei ole v\u00e4hent\u00e4nyt k\u00e4siparien tarvetta vaan p\u00e4invastoin, tehostetut prosessit ja koko ajan lis\u00e4\u00e4ntyv\u00e4t teknologian mahdollisuudet ovat lis\u00e4nneet tarvetta ymm\u00e4rt\u00e4\u00e4, soveltaa, yhdist\u00e4\u00e4, k\u00e4sitell\u00e4 ja t\u00e4m\u00e4n j\u00e4lkeen viel\u00e4 ymm\u00e4rrett\u00e4v\u00e4sti kommunikoida digimainonnan ekosysteemin lainalaisuuksia aivan valtavasti. T\u00e4m\u00e4 ei ole ollut aivan helppo rasti ja n\u00e4ytt\u00e4\u00e4, ett\u00e4 meno kiihtyy entisest\u00e4\u00e4n. T\u00e4ss\u00e4 p\u00e4rj\u00e4t\u00e4ksemme tarvitaan jatkossakin entist\u00e4 avoimempaa yhteisty\u00f6t\u00e4, osaamisen jakamista ja my\u00f6s uskallusta sanoa, ett\u00e4 en tied\u00e4, <em>viel\u00e4.<\/em><\/p>\n\n\n\n<p><strong>Kerro jokin yll\u00e4tt\u00e4v\u00e4 fakta itsest\u00e4si!<\/strong><\/p>\n\n\n\n<p>J\u00e4\u00e4kaapista l\u00f6ytyy aina v\u00e4hint\u00e4\u00e4n kuutta eri herkkujuustoa.<\/p>\n<\/div>\n\n\n\n<div class=\"wp-block-column is-layout-flow wp-block-column-is-layout-flow\" style=\"flex-basis:33.33%\">\n\n\n\n<div  class=\"alma-spacer\">\n    <div class=\"spacer\" style=\"height: 0px;\"><\/div>    \n<\/div>\n\n\n\n\n\n\n\n<figure class=\"wp-block-image size-large\"><img decoding=\"async\" src=\"https:\/\/www.almamedia.fi\/wp-content\/uploads\/2023\/05\/AMR-Tanja-Jaatinen-001-683x1024.jpg\" alt=\"\" class=\"wp-image-65576\"\/><\/figure>\n<\/div>\n<\/div>\n\n\n\n<div style=\"height:100px\" aria-hidden=\"true\" class=\"wp-block-spacer\"><\/div>\n\n\n\n<div class=\"wp-block-columns is-layout-flex wp-container-core-columns-is-layout-9d6595d7 wp-block-columns-is-layout-flex\">\n<div class=\"wp-block-column is-layout-flow wp-block-column-is-layout-flow\" style=\"flex-basis:66.66%\">\n<h2 class=\"wp-block-heading\">Elias Hokkanen<\/h2>\n\n\n\n<h3 class=\"wp-block-heading\">Programmatic Specialist<\/h3>\n\n\n\n<p><strong>Kuka olet ja mit\u00e4 teet Almalla?<\/strong><\/p>\n\n\n\n<p>Olen Elias Hokkanen ja ty\u00f6skentelen Almalla ohjelmallisen spesialistina. Ty\u00f6teht\u00e4viini kuuluu mm. ohjelmallisten j\u00e4rjestelmien hallinnointi ja optimointi, sidosryhm\u00e4ty\u00f6 niin sis\u00e4isesti kuin ulkoisestikin sek\u00e4 markkinointitoimenpiteiden suunnittelu ja toteuttaminen.<\/p>\n\n\n\n<p><strong>Mik\u00e4 on parasta ty\u00f6ss\u00e4si?<\/strong><\/p>\n\n\n\n<p>Ty\u00f6ss\u00e4ni parasta on ehdottomasti monipuoliset ty\u00f6teht\u00e4v\u00e4t ja kollegat. Ty\u00f6 on lis\u00e4ksi hyvin palkitsevaa, kun oma k\u00e4den j\u00e4lki n\u00e4kyy p\u00e4ivitt\u00e4in.<\/p>\n\n\n\n<p><strong>Mik\u00e4 on supervoimasi ohjelmallisen mainonnan parissa?<\/strong><\/p>\n\n\n\n<p>Uteliaisuus ja halu oppia uutta.<\/p>\n\n\n\n<p><strong>Jos et olisi digimainonnan ammattilainen, niin mit\u00e4 tekisit ty\u00f6ksesi?<\/strong><\/p>\n\n\n\n<p>Py\u00f6ritt\u00e4isin varmaan kahvilaa Sveitsiss\u00e4 j\u00e4rven rannalla \ud83d\ude00<\/p>\n\n\n\n<p><strong>Mik\u00e4 on mielenkiintoisin ilmi\u00f6 juuri nyt digimarkkinoinnin tai ohjelmallisen mainonnan parissa?<\/strong><\/p>\n\n\n\n<p><strong>Attention<\/strong> ja tarkemmin huomioarvon kustannustehokkuuteen perustuvan KPI-mittarin hy\u00f6dynt\u00e4minen ohjelmallisessa mainonnassa.<\/p>\n\n\n\n<p><strong>Kerro jokin yll\u00e4tt\u00e4v\u00e4 fakta itsest\u00e4si!<\/strong><\/p>\n\n\n\n<p>Intohimoni ovat pizza ja donitsit. Vastapainona lenkkeilen pilkullisen karvakamuni kanssa.<\/p>\n<\/div>\n\n\n\n<div class=\"wp-block-column is-layout-flow wp-block-column-is-layout-flow\" style=\"flex-basis:33.33%\">\n\n\n\n<div  class=\"alma-spacer\">\n    <div class=\"spacer\" style=\"height: 0px;\"><\/div>    \n<\/div>\n\n\n\n\n\n\n\n<figure class=\"wp-block-image size-large\"><img decoding=\"async\" src=\"https:\/\/www.almamedia.fi\/wp-content\/uploads\/2023\/05\/MicrosoftTeams-image-3-683x1024.jpg\" alt=\"\" class=\"wp-image-65577\"\/><\/figure>\n<\/div>\n<\/div>\n\n\n\n<div style=\"height:100px\" aria-hidden=\"true\" class=\"wp-block-spacer\"><\/div>\n\n\n\n\n\n\n<div  class=\"alma-spacer\">\n    <div class=\"spacer\" style=\"height: 0px;\"><\/div>    \n<\/div>\n\n\n\n\n\n\n\n<div class=\"wp-block-columns is-layout-flex wp-container-core-columns-is-layout-9d6595d7 wp-block-columns-is-layout-flex\">\n<div class=\"wp-block-column is-layout-flow wp-block-column-is-layout-flow\" style=\"flex-basis:66.66%\">\n<h2 class=\"wp-block-heading\">Noora Py\u00f6rre<\/h2>\n\n\n\n<h3 class=\"wp-block-heading\">Programmatic Manager<\/h3>\n\n\n\n<p><strong>Kuka olet ja mit\u00e4 teet Almalla?<\/strong><\/p>\n\n\n\n<p>Olen Noora Py\u00f6rre ja olen ohjelmallisen mainonnan asiantuntija Alma Mediaratkaisuissa. Kuten muillakin tiimiss\u00e4, keskeisimpiin ty\u00f6ni sis\u00e4lt\u00f6ihin kuuluu ohjelmallisen mainostajien ja asiakkaiden sek\u00e4 sis\u00e4isten sidosryhmien tukeminen ohjelmallisen haasteissa.<\/p>\n\n\n\n<p><strong>Mik\u00e4 on parasta ty\u00f6ss\u00e4si?<\/strong><\/p>\n\n\n\n<p>Uuden oppiminen ja parhaat kollegat sek\u00e4 kivoimmat asiakkaat. Ihmisten kanssa tekemisest\u00e4 saa tietenkin aina virtaa!<\/p>\n\n\n\n<p><strong>Mik\u00e4 on supervoimasi ohjelmallisen mainonnan parissa?<\/strong><\/p>\n\n\n\n<p>Opiskeluaikaiset koodari- ja it-opinnot auttavat ymm\u00e4rt\u00e4m\u00e4\u00e4n algoritmeja ajoittain hy\u00f6dyllisill\u00e4kin tavoilla.<\/p>\n\n\n\n<p><strong>Jos et olisi digimainonnan ammattilainen, niin mit\u00e4 tekisit ty\u00f6ksesi?<\/strong><\/p>\n\n\n\n<p>Puhun puolisujuvaa kiinaa ja surkeaa japania, joten turismiin liittyv\u00e4t hommat Aasiassa houkuttelevat.<\/p>\n\n\n\n<p><strong>Mik\u00e4 on mielenkiintoisin ilmi\u00f6 juuri nyt digimarkkinoinnin tai ohjelmallisen mainonnan parissa?<\/strong><\/p>\n\n\n\n<p>Muotien aaltoilu digimarkkinoinnin parissa on kiinnostavaa ja onkin hauska n\u00e4hd\u00e4 miten mainosmuotojen k\u00e4ytt\u00f6 muuttuu vuosien varrella. Nyt nosteessa ovat korkean huomioarvon mainosmuodot ja vaikuttavuus, joten t\u00e4rkeimpien perusk\u00e4sitteiden parissa liikutaan.<\/p>\n\n\n\n<p><strong>Kerro jokin yll\u00e4tt\u00e4v\u00e4 fakta itsest\u00e4si!<\/strong><\/p>\n\n\n\n<p>Tykk\u00e4\u00e4n harrastaa urheilulajeja, joissa on pakko keskitty\u00e4 niin kovaa, ett\u00e4 kaikki muu, kuten ty\u00f6t, unohtuvat kokonaan. Luistelu on ylip\u00e4\u00e4t\u00e4\u00e4n syd\u00e4nt\u00e4ni l\u00e4hell\u00e4, joten vapaa-ajalla minut l\u00f6yt\u00e4\u00e4kin t\u00e4yskontaktilaji roller derbyn parista. Pelin kaaoksen keskell\u00e4 ei ehdi ajattelemaan kokonaisia lauseita.<\/p>\n<\/div>\n\n\n\n<div class=\"wp-block-column is-layout-flow wp-block-column-is-layout-flow\" style=\"flex-basis:33.33%\">\n\n\n\n<div  class=\"alma-spacer\">\n    <div class=\"spacer\" style=\"height: 0px;\"><\/div>    \n<\/div>\n\n\n\n\n\n\n\n<figure class=\"wp-block-image size-large\"><img decoding=\"async\" src=\"https:\/\/www.almamedia.fi\/wp-content\/uploads\/2023\/05\/MicrosoftTeams-image-6-683x1024.jpg\" alt=\"\" class=\"wp-image-65578\"\/><\/figure>\n<\/div>\n<\/div>\n\n\n\n<div class=\"wp-block-columns is-layout-flex wp-container-core-columns-is-layout-9d6595d7 wp-block-columns-is-layout-flex\"><\/div>\n\n\n\n    <div  class=\"alma-iframe\">\n\n        <div class=\"iframe-content\"><!-- Segment Pixel - DO NOT MODIFY --><img decoding=\"async\" src=\"https:\/\/secure.adnxs.com\/seg?add=11365925&#038;t=2\" width=\"1\" height=\"1\" \/><!-- End of Segment Pixel --><\/div>\n    <\/div>\n\n\n\n\n","protected":false},"excerpt":{"rendered":"<p>Alman ohjelmallisen mainonnan tiimi huolehtii, ett\u00e4 mainonnan j\u00e4rjestelm\u00e4t toimivat kuten niiden pit\u00e4\u00e4, ratkovat mahdollisia ongelmatilanteita [&hellip;]<\/p>\n","protected":false},"author":7,"featured_media":88274,"comment_status":"closed","ping_status":"closed","sticky":false,"template":"","format":"standard","meta":{"_acf_changed":false,"footnotes":""},"categories":[250],"tags":[],"class_list":["post-88269","post","type-post","status-publish","format-standard","has-post-thumbnail","hentry","category-ohjelmallinen-mainonta"],"acf":[],"yoast_head":"<!-- This site is optimized with the Yoast SEO plugin v26.9 - https:\/\/yoast.com\/product\/yoast-seo-wordpress\/ -->\n<title>Tutustu ohjelmallisen mainonnan tiimiin - Alma Media - mainostajat<\/title>\n<meta name=\"description\" content=\"Ohjelmallisen mainonnan tiimi huolehtii j\u00e4rjestelmist\u00e4, ratkoo ongelmia ja auttaa sinua luomaan parasta mainontaa. Tutustu tekij\u00f6ihin.\" \/>\n<meta name=\"robots\" content=\"index, follow, max-snippet:-1, max-image-preview:large, max-video-preview:-1\" \/>\n<link rel=\"canonical\" href=\"https:\/\/www.almamedia.fi\/mainostajat\/tutustu-ohjelmallisen-mainonnan-tiimiin\/\" \/>\n<meta property=\"og:locale\" content=\"fi_FI\" \/>\n<meta property=\"og:type\" content=\"article\" \/>\n<meta property=\"og:title\" content=\"Tutustu ohjelmallisen mainonnan tiimiin - Alma Media - mainostajat\" \/>\n<meta property=\"og:description\" content=\"Ohjelmallisen mainonnan tiimi huolehtii j\u00e4rjestelmist\u00e4, ratkoo ongelmia ja auttaa sinua luomaan parasta mainontaa. Tutustu tekij\u00f6ihin.\" \/>\n<meta property=\"og:url\" content=\"https:\/\/www.almamedia.fi\/mainostajat\/tutustu-ohjelmallisen-mainonnan-tiimiin\/\" \/>\n<meta property=\"og:site_name\" content=\"Alma Media - mainostajat\" \/>\n<meta property=\"article:published_time\" content=\"2023-05-06T07:32:00+00:00\" \/>\n<meta property=\"article:modified_time\" content=\"2025-05-06T07:34:19+00:00\" \/>\n<meta property=\"og:image\" content=\"https:\/\/www.almamedia.fi\/mainostajat\/wp-content\/uploads\/sites\/4\/MicrosoftTeams-image-5-1920x1280-1.jpg\" \/>\n\t<meta property=\"og:image:width\" content=\"1920\" \/>\n\t<meta property=\"og:image:height\" content=\"1280\" \/>\n\t<meta property=\"og:image:type\" content=\"image\/jpeg\" \/>\n<meta name=\"author\" content=\"Minna Oksanen\" \/>\n<meta name=\"twitter:card\" content=\"summary_large_image\" \/>\n<meta name=\"twitter:label1\" content=\"Kirjoittanut\" \/>\n\t<meta name=\"twitter:data1\" content=\"Minna Oksanen\" \/>\n\t<meta name=\"twitter:label2\" content=\"Arvioitu lukuaika\" \/>\n\t<meta name=\"twitter:data2\" content=\"6 minuuttia\" \/>\n<script type=\"application\/ld+json\" class=\"yoast-schema-graph\">{\"@context\":\"https:\/\/schema.org\",\"@graph\":[{\"@type\":\"Article\",\"@id\":\"https:\/\/www.almamedia.fi\/mainostajat\/tutustu-ohjelmallisen-mainonnan-tiimiin\/#article\",\"isPartOf\":{\"@id\":\"https:\/\/www.almamedia.fi\/mainostajat\/tutustu-ohjelmallisen-mainonnan-tiimiin\/\"},\"author\":{\"name\":\"Minna Oksanen\",\"@id\":\"https:\/\/www.almamedia.fi\/mainostajat\/#\/schema\/person\/8acbddd1970aa87ecd0485bc31bb35f5\"},\"headline\":\"Tutustu ohjelmallisen mainonnan tiimiin\",\"datePublished\":\"2023-05-06T07:32:00+00:00\",\"dateModified\":\"2025-05-06T07:34:19+00:00\",\"mainEntityOfPage\":{\"@id\":\"https:\/\/www.almamedia.fi\/mainostajat\/tutustu-ohjelmallisen-mainonnan-tiimiin\/\"},\"wordCount\":940,\"publisher\":{\"@id\":\"https:\/\/www.almamedia.fi\/mainostajat\/#organization\"},\"image\":{\"@id\":\"https:\/\/www.almamedia.fi\/mainostajat\/tutustu-ohjelmallisen-mainonnan-tiimiin\/#primaryimage\"},\"thumbnailUrl\":\"https:\/\/www.almamedia.fi\/mainostajat\/wp-content\/uploads\/sites\/6\/MicrosoftTeams-image-5-1920x1280-1.jpg\",\"articleSection\":[\"Ohjelmallinen mainonta\"],\"inLanguage\":\"fi\"},{\"@type\":\"WebPage\",\"@id\":\"https:\/\/www.almamedia.fi\/mainostajat\/tutustu-ohjelmallisen-mainonnan-tiimiin\/\",\"url\":\"https:\/\/www.almamedia.fi\/mainostajat\/tutustu-ohjelmallisen-mainonnan-tiimiin\/\",\"name\":\"Tutustu ohjelmallisen mainonnan tiimiin - Alma Media - mainostajat\",\"isPartOf\":{\"@id\":\"https:\/\/www.almamedia.fi\/mainostajat\/#website\"},\"primaryImageOfPage\":{\"@id\":\"https:\/\/www.almamedia.fi\/mainostajat\/tutustu-ohjelmallisen-mainonnan-tiimiin\/#primaryimage\"},\"image\":{\"@id\":\"https:\/\/www.almamedia.fi\/mainostajat\/tutustu-ohjelmallisen-mainonnan-tiimiin\/#primaryimage\"},\"thumbnailUrl\":\"https:\/\/www.almamedia.fi\/mainostajat\/wp-content\/uploads\/sites\/6\/MicrosoftTeams-image-5-1920x1280-1.jpg\",\"datePublished\":\"2023-05-06T07:32:00+00:00\",\"dateModified\":\"2025-05-06T07:34:19+00:00\",\"description\":\"Ohjelmallisen mainonnan tiimi huolehtii j\u00e4rjestelmist\u00e4, ratkoo ongelmia ja auttaa sinua luomaan parasta mainontaa. Tutustu tekij\u00f6ihin.\",\"breadcrumb\":{\"@id\":\"https:\/\/www.almamedia.fi\/mainostajat\/tutustu-ohjelmallisen-mainonnan-tiimiin\/#breadcrumb\"},\"inLanguage\":\"fi\",\"potentialAction\":[{\"@type\":\"ReadAction\",\"target\":[\"https:\/\/www.almamedia.fi\/mainostajat\/tutustu-ohjelmallisen-mainonnan-tiimiin\/\"]}]},{\"@type\":\"ImageObject\",\"inLanguage\":\"fi\",\"@id\":\"https:\/\/www.almamedia.fi\/mainostajat\/tutustu-ohjelmallisen-mainonnan-tiimiin\/#primaryimage\",\"url\":\"https:\/\/www.almamedia.fi\/mainostajat\/wp-content\/uploads\/sites\/6\/MicrosoftTeams-image-5-1920x1280-1.jpg\",\"contentUrl\":\"https:\/\/www.almamedia.fi\/mainostajat\/wp-content\/uploads\/sites\/6\/MicrosoftTeams-image-5-1920x1280-1.jpg\",\"width\":1920,\"height\":1280},{\"@type\":\"BreadcrumbList\",\"@id\":\"https:\/\/www.almamedia.fi\/mainostajat\/tutustu-ohjelmallisen-mainonnan-tiimiin\/#breadcrumb\",\"itemListElement\":[{\"@type\":\"ListItem\",\"position\":1,\"name\":\"Etusivu\",\"item\":\"https:\/\/www.almamedia.fi\/mainostajat\/\"},{\"@type\":\"ListItem\",\"position\":2,\"name\":\"Tutustu ohjelmallisen mainonnan tiimiin\"}]},{\"@type\":\"WebSite\",\"@id\":\"https:\/\/www.almamedia.fi\/mainostajat\/#website\",\"url\":\"https:\/\/www.almamedia.fi\/mainostajat\/\",\"name\":\"Alma Media - mainostajat\",\"description\":\"\",\"publisher\":{\"@id\":\"https:\/\/www.almamedia.fi\/mainostajat\/#organization\"},\"potentialAction\":[{\"@type\":\"SearchAction\",\"target\":{\"@type\":\"EntryPoint\",\"urlTemplate\":\"https:\/\/www.almamedia.fi\/mainostajat\/?s={search_term_string}\"},\"query-input\":{\"@type\":\"PropertyValueSpecification\",\"valueRequired\":true,\"valueName\":\"search_term_string\"}}],\"inLanguage\":\"fi\"},{\"@type\":\"Organization\",\"@id\":\"https:\/\/www.almamedia.fi\/mainostajat\/#organization\",\"name\":\"Alma Media - mainostajat\",\"url\":\"https:\/\/www.almamedia.fi\/mainostajat\/\",\"logo\":{\"@type\":\"ImageObject\",\"inLanguage\":\"fi\",\"@id\":\"https:\/\/www.almamedia.fi\/mainostajat\/#\/schema\/logo\/image\/\",\"url\":\"https:\/\/www.almamedia.fi\/mainostajat\/wp-content\/uploads\/sites\/6\/alma-media-logo-valkoinen.svg\",\"contentUrl\":\"https:\/\/www.almamedia.fi\/mainostajat\/wp-content\/uploads\/sites\/6\/alma-media-logo-valkoinen.svg\",\"width\":49,\"height\":50,\"caption\":\"Alma Media - mainostajat\"},\"image\":{\"@id\":\"https:\/\/www.almamedia.fi\/mainostajat\/#\/schema\/logo\/image\/\"}},{\"@type\":\"Person\",\"@id\":\"https:\/\/www.almamedia.fi\/mainostajat\/#\/schema\/person\/8acbddd1970aa87ecd0485bc31bb35f5\",\"name\":\"Minna Oksanen\"}]}<\/script>\n<!-- \/ Yoast SEO plugin. -->","yoast_head_json":{"title":"Tutustu ohjelmallisen mainonnan tiimiin - Alma Media - mainostajat","description":"Ohjelmallisen mainonnan tiimi huolehtii j\u00e4rjestelmist\u00e4, ratkoo ongelmia ja auttaa sinua luomaan parasta mainontaa. Tutustu tekij\u00f6ihin.","robots":{"index":"index","follow":"follow","max-snippet":"max-snippet:-1","max-image-preview":"max-image-preview:large","max-video-preview":"max-video-preview:-1"},"canonical":"https:\/\/www.almamedia.fi\/mainostajat\/tutustu-ohjelmallisen-mainonnan-tiimiin\/","og_locale":"fi_FI","og_type":"article","og_title":"Tutustu ohjelmallisen mainonnan tiimiin - Alma Media - mainostajat","og_description":"Ohjelmallisen mainonnan tiimi huolehtii j\u00e4rjestelmist\u00e4, ratkoo ongelmia ja auttaa sinua luomaan parasta mainontaa. Tutustu tekij\u00f6ihin.","og_url":"https:\/\/www.almamedia.fi\/mainostajat\/tutustu-ohjelmallisen-mainonnan-tiimiin\/","og_site_name":"Alma Media - mainostajat","article_published_time":"2023-05-06T07:32:00+00:00","article_modified_time":"2025-05-06T07:34:19+00:00","og_image":[{"width":1920,"height":1280,"url":"https:\/\/www.almamedia.fi\/mainostajat\/wp-content\/uploads\/sites\/4\/MicrosoftTeams-image-5-1920x1280-1.jpg","type":"image\/jpeg"}],"author":"Minna Oksanen","twitter_card":"summary_large_image","twitter_misc":{"Kirjoittanut":"Minna Oksanen","Arvioitu lukuaika":"6 minuuttia"},"schema":{"@context":"https:\/\/schema.org","@graph":[{"@type":"Article","@id":"https:\/\/www.almamedia.fi\/mainostajat\/tutustu-ohjelmallisen-mainonnan-tiimiin\/#article","isPartOf":{"@id":"https:\/\/www.almamedia.fi\/mainostajat\/tutustu-ohjelmallisen-mainonnan-tiimiin\/"},"author":{"name":"Minna Oksanen","@id":"https:\/\/www.almamedia.fi\/mainostajat\/#\/schema\/person\/8acbddd1970aa87ecd0485bc31bb35f5"},"headline":"Tutustu ohjelmallisen mainonnan tiimiin","datePublished":"2023-05-06T07:32:00+00:00","dateModified":"2025-05-06T07:34:19+00:00","mainEntityOfPage":{"@id":"https:\/\/www.almamedia.fi\/mainostajat\/tutustu-ohjelmallisen-mainonnan-tiimiin\/"},"wordCount":940,"publisher":{"@id":"https:\/\/www.almamedia.fi\/mainostajat\/#organization"},"image":{"@id":"https:\/\/www.almamedia.fi\/mainostajat\/tutustu-ohjelmallisen-mainonnan-tiimiin\/#primaryimage"},"thumbnailUrl":"https:\/\/www.almamedia.fi\/mainostajat\/wp-content\/uploads\/sites\/6\/MicrosoftTeams-image-5-1920x1280-1.jpg","articleSection":["Ohjelmallinen mainonta"],"inLanguage":"fi"},{"@type":"WebPage","@id":"https:\/\/www.almamedia.fi\/mainostajat\/tutustu-ohjelmallisen-mainonnan-tiimiin\/","url":"https:\/\/www.almamedia.fi\/mainostajat\/tutustu-ohjelmallisen-mainonnan-tiimiin\/","name":"Tutustu ohjelmallisen mainonnan tiimiin - Alma Media - mainostajat","isPartOf":{"@id":"https:\/\/www.almamedia.fi\/mainostajat\/#website"},"primaryImageOfPage":{"@id":"https:\/\/www.almamedia.fi\/mainostajat\/tutustu-ohjelmallisen-mainonnan-tiimiin\/#primaryimage"},"image":{"@id":"https:\/\/www.almamedia.fi\/mainostajat\/tutustu-ohjelmallisen-mainonnan-tiimiin\/#primaryimage"},"thumbnailUrl":"https:\/\/www.almamedia.fi\/mainostajat\/wp-content\/uploads\/sites\/6\/MicrosoftTeams-image-5-1920x1280-1.jpg","datePublished":"2023-05-06T07:32:00+00:00","dateModified":"2025-05-06T07:34:19+00:00","description":"Ohjelmallisen mainonnan tiimi huolehtii j\u00e4rjestelmist\u00e4, ratkoo ongelmia ja auttaa sinua luomaan parasta mainontaa. Tutustu tekij\u00f6ihin.","breadcrumb":{"@id":"https:\/\/www.almamedia.fi\/mainostajat\/tutustu-ohjelmallisen-mainonnan-tiimiin\/#breadcrumb"},"inLanguage":"fi","potentialAction":[{"@type":"ReadAction","target":["https:\/\/www.almamedia.fi\/mainostajat\/tutustu-ohjelmallisen-mainonnan-tiimiin\/"]}]},{"@type":"ImageObject","inLanguage":"fi","@id":"https:\/\/www.almamedia.fi\/mainostajat\/tutustu-ohjelmallisen-mainonnan-tiimiin\/#primaryimage","url":"https:\/\/www.almamedia.fi\/mainostajat\/wp-content\/uploads\/sites\/6\/MicrosoftTeams-image-5-1920x1280-1.jpg","contentUrl":"https:\/\/www.almamedia.fi\/mainostajat\/wp-content\/uploads\/sites\/6\/MicrosoftTeams-image-5-1920x1280-1.jpg","width":1920,"height":1280},{"@type":"BreadcrumbList","@id":"https:\/\/www.almamedia.fi\/mainostajat\/tutustu-ohjelmallisen-mainonnan-tiimiin\/#breadcrumb","itemListElement":[{"@type":"ListItem","position":1,"name":"Etusivu","item":"https:\/\/www.almamedia.fi\/mainostajat\/"},{"@type":"ListItem","position":2,"name":"Tutustu ohjelmallisen mainonnan tiimiin"}]},{"@type":"WebSite","@id":"https:\/\/www.almamedia.fi\/mainostajat\/#website","url":"https:\/\/www.almamedia.fi\/mainostajat\/","name":"Alma Media - mainostajat","description":"","publisher":{"@id":"https:\/\/www.almamedia.fi\/mainostajat\/#organization"},"potentialAction":[{"@type":"SearchAction","target":{"@type":"EntryPoint","urlTemplate":"https:\/\/www.almamedia.fi\/mainostajat\/?s={search_term_string}"},"query-input":{"@type":"PropertyValueSpecification","valueRequired":true,"valueName":"search_term_string"}}],"inLanguage":"fi"},{"@type":"Organization","@id":"https:\/\/www.almamedia.fi\/mainostajat\/#organization","name":"Alma Media - mainostajat","url":"https:\/\/www.almamedia.fi\/mainostajat\/","logo":{"@type":"ImageObject","inLanguage":"fi","@id":"https:\/\/www.almamedia.fi\/mainostajat\/#\/schema\/logo\/image\/","url":"https:\/\/www.almamedia.fi\/mainostajat\/wp-content\/uploads\/sites\/6\/alma-media-logo-valkoinen.svg","contentUrl":"https:\/\/www.almamedia.fi\/mainostajat\/wp-content\/uploads\/sites\/6\/alma-media-logo-valkoinen.svg","width":49,"height":50,"caption":"Alma Media - mainostajat"},"image":{"@id":"https:\/\/www.almamedia.fi\/mainostajat\/#\/schema\/logo\/image\/"}},{"@type":"Person","@id":"https:\/\/www.almamedia.fi\/mainostajat\/#\/schema\/person\/8acbddd1970aa87ecd0485bc31bb35f5","name":"Minna Oksanen"}]}},"lang":"fi","translations":{"fi":88269},"pll_sync_post":[],"_links":{"self":[{"href":"https:\/\/www.almamedia.fi\/mainostajat\/wp-json\/wp\/v2\/posts\/88269","targetHints":{"allow":["GET"]}}],"collection":[{"href":"https:\/\/www.almamedia.fi\/mainostajat\/wp-json\/wp\/v2\/posts"}],"about":[{"href":"https:\/\/www.almamedia.fi\/mainostajat\/wp-json\/wp\/v2\/types\/post"}],"author":[{"embeddable":true,"href":"https:\/\/www.almamedia.fi\/mainostajat\/wp-json\/wp\/v2\/users\/7"}],"replies":[{"embeddable":true,"href":"https:\/\/www.almamedia.fi\/mainostajat\/wp-json\/wp\/v2\/comments?post=88269"}],"version-history":[{"count":0,"href":"https:\/\/www.almamedia.fi\/mainostajat\/wp-json\/wp\/v2\/posts\/88269\/revisions"}],"wp:featuredmedia":[{"embeddable":true,"href":"https:\/\/www.almamedia.fi\/mainostajat\/wp-json\/wp\/v2\/media\/88274"}],"wp:attachment":[{"href":"https:\/\/www.almamedia.fi\/mainostajat\/wp-json\/wp\/v2\/media?parent=88269"}],"wp:term":[{"taxonomy":"category","embeddable":true,"href":"https:\/\/www.almamedia.fi\/mainostajat\/wp-json\/wp\/v2\/categories?post=88269"},{"taxonomy":"post_tag","embeddable":true,"href":"https:\/\/www.almamedia.fi\/mainostajat\/wp-json\/wp\/v2\/tags?post=88269"}],"curies":[{"name":"wp","href":"https:\/\/api.w.org\/{rel}","templated":true}]}}