{"id":83142,"date":"2024-12-04T09:21:42","date_gmt":"2024-12-04T07:21:42","guid":{"rendered":"https:\/\/www.almamedia.fi\/?p=83142"},"modified":"2025-05-07T13:14:47","modified_gmt":"2025-05-07T10:14:47","slug":"talta-digimarkkinointi-nayttaa-2025-trendit-ja-vinkit-markkinointipaattajalle","status":"publish","type":"post","link":"https:\/\/www.almamedia.fi\/mainostajat\/talta-digimarkkinointi-nayttaa-2025-trendit-ja-vinkit-markkinointipaattajalle\/","title":{"rendered":"T\u00e4lt\u00e4 digimarkkinointi n\u00e4ytt\u00e4\u00e4 2025 \u2013 Trendit ja vinkit markkinointip\u00e4\u00e4tt\u00e4j\u00e4lle"},"content":{"rendered":"\n    <div  class=\"alma-iframe\">\n\n        <div class=\"iframe-content\"><style>\r\nul.wp-block-list li {\r\nmargin-bottom: 14px;\r\n}\r\n.ui-breadcrumb {\r\ndisplay: none;\r\n}\r\n<\/style><\/div>\n    <\/div>\n\n\n\n\n\n\n\n<p><strong>Teko\u00e4ly ja koneoppiminen mullistavat markkinointia ja viestint\u00e4\u00e4. My\u00f6s datan merkitys kasvaa. Luova ja kohdennettu mainonta, audion ja liikkuvan kuvan hy\u00f6dynt\u00e4minen sek\u00e4 ev\u00e4steett\u00f6m\u00e4t ratkaisut ovat avainasemassa tulevaisuudessa. Tutustu trendeihin ja vinkkeihin, joilla voit varmistaa markkinointisi menestyksen my\u00f6s vuonna 2025<\/strong>.<\/p>\n\n\n\n<p>Tulevaisuus tuo mukanaan uusia mahdollisuuksia ja haasteita digimarkkinoinnissa. Lue alta digimarkkinoinnin tuulista meilt\u00e4 ja maailmalta. Artikkelin sis\u00e4ll\u00f6ss\u00e4 on hy\u00f6dynnetty teko\u00e4ly\u00e4.<\/p>\n\n\n\n\n\n\n<div  class=\"alma-spacer\">\n    <div class=\"spacer\" style=\"height: 0px;\"><\/div>    \n<\/div>\n\n\n\n\n\n\n\n<h2 class=\"wp-block-heading\">Digitaalisen markkinoinnin ja viestinn\u00e4n globaaleja trendej\u00e4<\/h2>\n\n\n\n<h3 class=\"wp-block-heading\">1. Teko\u00e4ly ja koneoppiminen<\/h3>\n\n\n\n<p>Teko\u00e4ly ja koneoppiminen tarjoavat uusia mahdollisuuksia datan ja sis\u00e4ll\u00f6n hy\u00f6dynt\u00e4miseen. Teko\u00e4lypohjaiset mainosratkaisut ja personoidut palvelut voivat parantaa asiakaskokemusta. Virtuaalitodellisuus (VR) ja lis\u00e4tty todellisuus (AR) yhdistettyn\u00e4 teko\u00e4lyyn luovat vaikuttavia kokemuksia.<\/p>\n\n\n\n<h3 class=\"wp-block-heading\">2. Datan hy\u00f6dynt\u00e4minen<\/h3>\n\n\n\n<p>Datan hy\u00f6dynt\u00e4minen on yh\u00e4 t\u00e4rke\u00e4mp\u00e4\u00e4, mutta samalla yksityisyys ja tietosuoja ovat keskeisi\u00e4 huolenaiheita. Kolmannen osapuolen ev\u00e4steiden poistuminen muuttaa digitaalista mainontaa, ja uusia ratkaisuja kehitet\u00e4\u00e4n. Ohjelmallisen mainonnan merkitys kasvaa, sill\u00e4 se muun muassa automatisoi prosesseja dataa tehokkaasti hy\u00f6dynt\u00e4en.<\/p>\n\n\n\n<h3 class=\"wp-block-heading\">3. Mainonnan luova sis\u00e4lt\u00f6<\/h3>\n\n\n\n<p>Mainonnan sis\u00e4ll\u00f6n personointi ja mainonnan vaikuttavuus ovat keskeisess\u00e4 roolissa. Teko\u00e4ly vauhdittaa luovaa suunnittelua ja optimointia, mik\u00e4 mahdollistaa entist\u00e4 tehokkaammat ja kohdennetummat kampanjat. Lyhyet videot ovat suosittuja, sill\u00e4 ne saavat katsojan huomion tehokkaasti. Vuorovaikutteiset mainokset lis\u00e4\u00e4v\u00e4t k\u00e4ytt\u00e4jien sitoutumista ja tarjoavat ainutlaatuisia kokemuksia.<\/p>\n\n\n\n<h3 class=\"wp-block-heading\">4. Audion merkitys<\/h3>\n\n\n\n<p>Audion merkitys kasvaa jatkuvasti, ja \u00e4\u00e4niohjaus sek\u00e4 puheentunnistus ovat keskeisi\u00e4 teknologioita t\u00e4ss\u00e4 kehityksess\u00e4. Podcastit ovat suosittuja, tarjoten monipuolista sis\u00e4lt\u00f6\u00e4 ja uusia mahdollisuuksia markkinointiin. Audio muokkaa viestint\u00e4\u00e4 ja tarjoaa uusia tapoja tavoittaa yleis\u00f6j\u00e4.<\/p>\n\n\n\n<h3 class=\"wp-block-heading\">5. Liikkuva kuva<\/h3>\n\n\n\n<p>Videon asema digitaalisessa markkinoinnissa kasvaa jatkuvasti. Korkean huomioarvon mainosmuodot ovat yh\u00e4 suositumpia. Connected TV (CTV) ja Digital Out-of-Home (DOOH) tarjoavat uusia mahdollisuuksia tavoittaa yleis\u00f6j\u00e4 tehokkaasti. Liikkuva kuva tehostaa mainonnan vaikutusta.<\/p>\n\n\n\n\n\n\n<div  class=\"alma-spacer\">\n    <div class=\"spacer\" style=\"height: 0px;\"><\/div>    \n<\/div>\n\n\n\n\n\n\n\n<h2 class=\"wp-block-heading\">Alma tulevaisuuden haasteita ratkomassa<\/h2>\n\n\n\n<p>Markkinoinnin ja viestinn\u00e4n kentt\u00e4 on t\u00e4ynn\u00e4 mahdollisuuksia mutta samalla my\u00f6s haasteita. Haluamme olla mainostajan tukena navigoimassa n\u00e4iss\u00e4 muutoksissa. Alla muutamia esimerkkej\u00e4, miten hy\u00f6dynn\u00e4mme uusia teknologioita tehokkaasti ja mit\u00e4 hy\u00f6tyj\u00e4 voimme niiden avulla tarjota mainostaja-asiakkaillemme.<\/p>\n\n\n\n<ul class=\"wp-block-list\">\n<li><strong>Teko\u00e4lyn ja koneoppimisen haasteet hallintaan<\/strong>: Kehit\u00e4mme muun muassa personoitua journalistista sis\u00e4lt\u00f6\u00e4 ja teko\u00e4lyyn perustuvia mainonnan ratkaisuja. Mainostajana saat laadukkaampaa ja sitoutunutta yleis\u00f6\u00e4 sek\u00e4 tehokkaampaa mainontaa.<\/li>\n\n\n\n<li><strong>Hy\u00f6dynnet\u00e4\u00e4n datan tuomat mahdollisuudet<\/strong>: Kehit\u00e4mme ev\u00e4steett\u00f6mi\u00e4 tapoja kohdentaa mainontaa ja entist\u00e4 tehokkaampia ohjelmallisen mainonnan ratkaisuja. Mainostajalle t\u00e4m\u00e4 tuo tehokasta ja tarkasti kohdennettua mainontaa sek\u00e4 ty\u00f6kaluja selvit\u00e4 ev\u00e4stekadosta.<\/li>\n\n\n\n<li><strong>Audion uudet mahdollisuudet<\/strong>: Kehit\u00e4mme podcastien kaupallista hy\u00f6dynt\u00e4mist\u00e4 sek\u00e4 niiden tuotantoja. Saat siten uusia mahdollisuuksia sitouttaa kohdeyleis\u00f6si ja rakentaa br\u00e4ndi\u00e4si erinomaisen audiosis\u00e4ll\u00f6n avulla.<\/li>\n\n\n\n<li><strong>Liikkuvan kuvan ratkaisujen kehitt\u00e4minen jatkuu<\/strong>: Kehit\u00e4mme uudenlaisia liikkuvan kuvan ratkaisuja ja tarjoamme laadukkaita videotuotantoja eri kanaviin. Mainostajana uusia mahdollisuuksia sitouttaa kohdeyleis\u00f6si vaikuttavan liikkuvan kuvan avulla.<\/li>\n<\/ul>\n\n\n\n\n\n\n<div  class=\"alma-spacer\">\n    <div class=\"spacer\" style=\"height: 0px;\"><\/div>    \n<\/div>\n\n\n\n\n\n\n\n<h2 class=\"wp-block-heading\">Markkinoinnin ammattilainen: Panosta n\u00e4ihin kolmeen kokonaisuuteen vuonna 2025!<\/h2>\n\n\n\n<h3 class=\"wp-block-heading\">1. Panosta br\u00e4ndiin<\/h3>\n\n\n\n<p>Varmista br\u00e4ndin erottuminen vaikuttavalla markkinoinnilla ja luo siten br\u00e4ndillesi kilpailuetua. Kasvata asiakasuskollisuutta muun muassa tunteisiin ja arvoihin vetoamalla. Varmista jatkuva n\u00e4kyvyys rohkealla ja luovalla mainonnalla sek\u00e4 monipuolisilla visuaalisilla ratkaisuilla. Hy\u00f6dynn\u00e4 my\u00f6s liikkuvaa kuvaa ja audion mielikuvien rakentamiseksi.<\/p>\n\n\n\n<h3 class=\"wp-block-heading\">2. Panosta markkinoinnin osaamiseen<\/h3>\n\n\n\n<p>Hy\u00f6dynn\u00e4 teko\u00e4ly\u00e4 ja tuntemusta teko\u00e4lyty\u00f6kaluista markkinoinnin kasvun moottorina. Asiakastuntemus ja liiketoiminnan syv\u00e4llinen ymm\u00e4rrys auttavat markkinoinnin suunnittelussa ja kehitt\u00e4misess\u00e4. Johda tiedolla ja k\u00e4yt\u00e4 oikeita mittareita yhteisten tavoitteiden saavuttamiseksi.<\/p>\n\n\n\n<h3 class=\"wp-block-heading\">3. Panosta dataan ja sen monipuoliseen hy\u00f6dynt\u00e4miseen<\/h3>\n\n\n\n<p>K\u00e4yt\u00e4 omaa dataa sek\u00e4 julkaisijan dataa monipuolisesti tehokkaaseen kohdentamiseen ja ohjelmalliseen mainontaan. Varmista tietoturva sek\u00e4 k\u00e4yt\u00e4 analytiikkaa ja mittaamista tulosten saavuttamiseksi. Hy\u00f6dynn\u00e4 ev\u00e4steett\u00f6mi\u00e4 ratkaisuja ja varaudu ev\u00e4stekatoon. Johda tiedolla ja tee data-avusteisia p\u00e4\u00e4t\u00f6ksi\u00e4 optimoinnin ja testaamisen avulla. Syvenn\u00e4 asiakasymm\u00e4rryst\u00e4 jatkuvasti. <\/p>\n\n\n\n\n\n\n<div  class=\"alma-spacer\">\n    <div class=\"spacer\" style=\"height: 45px;\"><\/div>    \n<\/div>\n\n\n\n\n\n\n\n<p class=\"has-text-align-right\"><em><sub>L\u00e4hteet: WARC, Microsoft Copilot<\/sub><\/em><\/p>\n","protected":false},"excerpt":{"rendered":"<p>Teko\u00e4ly ja koneoppiminen mullistavat markkinointia ja viestint\u00e4\u00e4. My\u00f6s datan merkitys kasvaa. Luova ja kohdennettu mainonta, [&hellip;]<\/p>\n","protected":false},"author":7,"featured_media":85472,"comment_status":"closed","ping_status":"closed","sticky":false,"template":"","format":"standard","meta":{"_acf_changed":false,"footnotes":""},"categories":[66,125],"tags":[96,115,78],"class_list":["post-83142","post","type-post","status-publish","format-standard","has-post-thumbnail","hentry","category-data","category-mainostajalle-fi","tag-data","tag-tekoaly","tag-trendit"],"acf":[],"yoast_head":"<!-- This site is optimized with the Yoast SEO plugin v26.9 - https:\/\/yoast.com\/product\/yoast-seo-wordpress\/ -->\n<title>T\u00e4lt\u00e4 digimarkkinointi n\u00e4ytt\u00e4\u00e4 2025 \u2013 Trendit ja vinkit markkinointip\u00e4\u00e4tt\u00e4j\u00e4lle - Alma Media - mainostajat<\/title>\n<meta name=\"robots\" content=\"index, follow, max-snippet:-1, max-image-preview:large, max-video-preview:-1\" \/>\n<link rel=\"canonical\" href=\"https:\/\/www.almamedia.fi\/mainostajat\/talta-digimarkkinointi-nayttaa-2025-trendit-ja-vinkit-markkinointipaattajalle\/\" \/>\n<meta property=\"og:locale\" content=\"fi_FI\" \/>\n<meta property=\"og:type\" content=\"article\" \/>\n<meta property=\"og:title\" content=\"T\u00e4lt\u00e4 digimarkkinointi n\u00e4ytt\u00e4\u00e4 2025 \u2013 Trendit ja vinkit markkinointip\u00e4\u00e4tt\u00e4j\u00e4lle - Alma Media - mainostajat\" \/>\n<meta property=\"og:description\" content=\"Teko\u00e4ly ja koneoppiminen mullistavat markkinointia ja viestint\u00e4\u00e4. My\u00f6s datan merkitys kasvaa. Luova ja kohdennettu mainonta, [&hellip;]\" \/>\n<meta property=\"og:url\" content=\"https:\/\/www.almamedia.fi\/mainostajat\/talta-digimarkkinointi-nayttaa-2025-trendit-ja-vinkit-markkinointipaattajalle\/\" \/>\n<meta property=\"og:site_name\" content=\"Alma Media - mainostajat\" \/>\n<meta property=\"article:published_time\" content=\"2024-12-04T07:21:42+00:00\" \/>\n<meta property=\"article:modified_time\" content=\"2025-05-07T10:14:47+00:00\" \/>\n<meta property=\"og:image\" content=\"https:\/\/www.almamedia.fi\/mainostajat\/wp-content\/uploads\/sites\/4\/shutterstock_2302831023-scaled-1-scaled.jpg\" \/>\n\t<meta property=\"og:image:width\" content=\"2048\" \/>\n\t<meta property=\"og:image:height\" content=\"1166\" \/>\n\t<meta property=\"og:image:type\" content=\"image\/jpeg\" \/>\n<meta name=\"author\" content=\"Minna Oksanen\" \/>\n<meta name=\"twitter:card\" content=\"summary_large_image\" \/>\n<meta name=\"twitter:label1\" content=\"Kirjoittanut\" \/>\n\t<meta name=\"twitter:data1\" content=\"Minna Oksanen\" \/>\n\t<meta name=\"twitter:label2\" content=\"Arvioitu lukuaika\" \/>\n\t<meta name=\"twitter:data2\" content=\"3 minuuttia\" \/>\n<script type=\"application\/ld+json\" class=\"yoast-schema-graph\">{\"@context\":\"https:\/\/schema.org\",\"@graph\":[{\"@type\":\"Article\",\"@id\":\"https:\/\/www.almamedia.fi\/mainostajat\/talta-digimarkkinointi-nayttaa-2025-trendit-ja-vinkit-markkinointipaattajalle\/#article\",\"isPartOf\":{\"@id\":\"https:\/\/www.almamedia.fi\/mainostajat\/talta-digimarkkinointi-nayttaa-2025-trendit-ja-vinkit-markkinointipaattajalle\/\"},\"author\":{\"name\":\"Minna Oksanen\",\"@id\":\"https:\/\/www.almamedia.fi\/mainostajat\/#\/schema\/person\/8acbddd1970aa87ecd0485bc31bb35f5\"},\"headline\":\"T\u00e4lt\u00e4 digimarkkinointi n\u00e4ytt\u00e4\u00e4 2025 \u2013 Trendit ja vinkit markkinointip\u00e4\u00e4tt\u00e4j\u00e4lle\",\"datePublished\":\"2024-12-04T07:21:42+00:00\",\"dateModified\":\"2025-05-07T10:14:47+00:00\",\"mainEntityOfPage\":{\"@id\":\"https:\/\/www.almamedia.fi\/mainostajat\/talta-digimarkkinointi-nayttaa-2025-trendit-ja-vinkit-markkinointipaattajalle\/\"},\"wordCount\":620,\"publisher\":{\"@id\":\"https:\/\/www.almamedia.fi\/mainostajat\/#organization\"},\"image\":{\"@id\":\"https:\/\/www.almamedia.fi\/mainostajat\/talta-digimarkkinointi-nayttaa-2025-trendit-ja-vinkit-markkinointipaattajalle\/#primaryimage\"},\"thumbnailUrl\":\"https:\/\/www.almamedia.fi\/mainostajat\/wp-content\/uploads\/sites\/6\/shutterstock_2302831023-scaled-1-scaled.jpg\",\"keywords\":[\"Data\",\"Teko\u00e4ly\",\"Trendit\"],\"articleSection\":[\"Data\",\"Mainostajalle\"],\"inLanguage\":\"fi\"},{\"@type\":\"WebPage\",\"@id\":\"https:\/\/www.almamedia.fi\/mainostajat\/talta-digimarkkinointi-nayttaa-2025-trendit-ja-vinkit-markkinointipaattajalle\/\",\"url\":\"https:\/\/www.almamedia.fi\/mainostajat\/talta-digimarkkinointi-nayttaa-2025-trendit-ja-vinkit-markkinointipaattajalle\/\",\"name\":\"T\u00e4lt\u00e4 digimarkkinointi n\u00e4ytt\u00e4\u00e4 2025 \u2013 Trendit ja vinkit markkinointip\u00e4\u00e4tt\u00e4j\u00e4lle - Alma Media - mainostajat\",\"isPartOf\":{\"@id\":\"https:\/\/www.almamedia.fi\/mainostajat\/#website\"},\"primaryImageOfPage\":{\"@id\":\"https:\/\/www.almamedia.fi\/mainostajat\/talta-digimarkkinointi-nayttaa-2025-trendit-ja-vinkit-markkinointipaattajalle\/#primaryimage\"},\"image\":{\"@id\":\"https:\/\/www.almamedia.fi\/mainostajat\/talta-digimarkkinointi-nayttaa-2025-trendit-ja-vinkit-markkinointipaattajalle\/#primaryimage\"},\"thumbnailUrl\":\"https:\/\/www.almamedia.fi\/mainostajat\/wp-content\/uploads\/sites\/6\/shutterstock_2302831023-scaled-1-scaled.jpg\",\"datePublished\":\"2024-12-04T07:21:42+00:00\",\"dateModified\":\"2025-05-07T10:14:47+00:00\",\"breadcrumb\":{\"@id\":\"https:\/\/www.almamedia.fi\/mainostajat\/talta-digimarkkinointi-nayttaa-2025-trendit-ja-vinkit-markkinointipaattajalle\/#breadcrumb\"},\"inLanguage\":\"fi\",\"potentialAction\":[{\"@type\":\"ReadAction\",\"target\":[\"https:\/\/www.almamedia.fi\/mainostajat\/talta-digimarkkinointi-nayttaa-2025-trendit-ja-vinkit-markkinointipaattajalle\/\"]}]},{\"@type\":\"ImageObject\",\"inLanguage\":\"fi\",\"@id\":\"https:\/\/www.almamedia.fi\/mainostajat\/talta-digimarkkinointi-nayttaa-2025-trendit-ja-vinkit-markkinointipaattajalle\/#primaryimage\",\"url\":\"https:\/\/www.almamedia.fi\/mainostajat\/wp-content\/uploads\/sites\/6\/shutterstock_2302831023-scaled-1-scaled.jpg\",\"contentUrl\":\"https:\/\/www.almamedia.fi\/mainostajat\/wp-content\/uploads\/sites\/6\/shutterstock_2302831023-scaled-1-scaled.jpg\",\"width\":2048,\"height\":1166},{\"@type\":\"BreadcrumbList\",\"@id\":\"https:\/\/www.almamedia.fi\/mainostajat\/talta-digimarkkinointi-nayttaa-2025-trendit-ja-vinkit-markkinointipaattajalle\/#breadcrumb\",\"itemListElement\":[{\"@type\":\"ListItem\",\"position\":1,\"name\":\"Etusivu\",\"item\":\"https:\/\/www.almamedia.fi\/mainostajat\/\"},{\"@type\":\"ListItem\",\"position\":2,\"name\":\"T\u00e4lt\u00e4 digimarkkinointi n\u00e4ytt\u00e4\u00e4 2025 \u2013 Trendit ja vinkit markkinointip\u00e4\u00e4tt\u00e4j\u00e4lle\"}]},{\"@type\":\"WebSite\",\"@id\":\"https:\/\/www.almamedia.fi\/mainostajat\/#website\",\"url\":\"https:\/\/www.almamedia.fi\/mainostajat\/\",\"name\":\"Alma Media - mainostajat\",\"description\":\"\",\"publisher\":{\"@id\":\"https:\/\/www.almamedia.fi\/mainostajat\/#organization\"},\"potentialAction\":[{\"@type\":\"SearchAction\",\"target\":{\"@type\":\"EntryPoint\",\"urlTemplate\":\"https:\/\/www.almamedia.fi\/mainostajat\/?s={search_term_string}\"},\"query-input\":{\"@type\":\"PropertyValueSpecification\",\"valueRequired\":true,\"valueName\":\"search_term_string\"}}],\"inLanguage\":\"fi\"},{\"@type\":\"Organization\",\"@id\":\"https:\/\/www.almamedia.fi\/mainostajat\/#organization\",\"name\":\"Alma Media - mainostajat\",\"url\":\"https:\/\/www.almamedia.fi\/mainostajat\/\",\"logo\":{\"@type\":\"ImageObject\",\"inLanguage\":\"fi\",\"@id\":\"https:\/\/www.almamedia.fi\/mainostajat\/#\/schema\/logo\/image\/\",\"url\":\"https:\/\/www.almamedia.fi\/mainostajat\/wp-content\/uploads\/sites\/6\/alma-media-logo-valkoinen.svg\",\"contentUrl\":\"https:\/\/www.almamedia.fi\/mainostajat\/wp-content\/uploads\/sites\/6\/alma-media-logo-valkoinen.svg\",\"width\":49,\"height\":50,\"caption\":\"Alma Media - mainostajat\"},\"image\":{\"@id\":\"https:\/\/www.almamedia.fi\/mainostajat\/#\/schema\/logo\/image\/\"}},{\"@type\":\"Person\",\"@id\":\"https:\/\/www.almamedia.fi\/mainostajat\/#\/schema\/person\/8acbddd1970aa87ecd0485bc31bb35f5\",\"name\":\"Minna Oksanen\"}]}<\/script>\n<!-- \/ Yoast SEO plugin. -->","yoast_head_json":{"title":"T\u00e4lt\u00e4 digimarkkinointi n\u00e4ytt\u00e4\u00e4 2025 \u2013 Trendit ja vinkit markkinointip\u00e4\u00e4tt\u00e4j\u00e4lle - Alma Media - mainostajat","robots":{"index":"index","follow":"follow","max-snippet":"max-snippet:-1","max-image-preview":"max-image-preview:large","max-video-preview":"max-video-preview:-1"},"canonical":"https:\/\/www.almamedia.fi\/mainostajat\/talta-digimarkkinointi-nayttaa-2025-trendit-ja-vinkit-markkinointipaattajalle\/","og_locale":"fi_FI","og_type":"article","og_title":"T\u00e4lt\u00e4 digimarkkinointi n\u00e4ytt\u00e4\u00e4 2025 \u2013 Trendit ja vinkit markkinointip\u00e4\u00e4tt\u00e4j\u00e4lle - Alma Media - mainostajat","og_description":"Teko\u00e4ly ja koneoppiminen mullistavat markkinointia ja viestint\u00e4\u00e4. My\u00f6s datan merkitys kasvaa. Luova ja kohdennettu mainonta, [&hellip;]","og_url":"https:\/\/www.almamedia.fi\/mainostajat\/talta-digimarkkinointi-nayttaa-2025-trendit-ja-vinkit-markkinointipaattajalle\/","og_site_name":"Alma Media - mainostajat","article_published_time":"2024-12-04T07:21:42+00:00","article_modified_time":"2025-05-07T10:14:47+00:00","og_image":[{"width":2048,"height":1166,"url":"https:\/\/www.almamedia.fi\/mainostajat\/wp-content\/uploads\/sites\/4\/shutterstock_2302831023-scaled-1-scaled.jpg","type":"image\/jpeg"}],"author":"Minna Oksanen","twitter_card":"summary_large_image","twitter_misc":{"Kirjoittanut":"Minna Oksanen","Arvioitu lukuaika":"3 minuuttia"},"schema":{"@context":"https:\/\/schema.org","@graph":[{"@type":"Article","@id":"https:\/\/www.almamedia.fi\/mainostajat\/talta-digimarkkinointi-nayttaa-2025-trendit-ja-vinkit-markkinointipaattajalle\/#article","isPartOf":{"@id":"https:\/\/www.almamedia.fi\/mainostajat\/talta-digimarkkinointi-nayttaa-2025-trendit-ja-vinkit-markkinointipaattajalle\/"},"author":{"name":"Minna Oksanen","@id":"https:\/\/www.almamedia.fi\/mainostajat\/#\/schema\/person\/8acbddd1970aa87ecd0485bc31bb35f5"},"headline":"T\u00e4lt\u00e4 digimarkkinointi n\u00e4ytt\u00e4\u00e4 2025 \u2013 Trendit ja vinkit markkinointip\u00e4\u00e4tt\u00e4j\u00e4lle","datePublished":"2024-12-04T07:21:42+00:00","dateModified":"2025-05-07T10:14:47+00:00","mainEntityOfPage":{"@id":"https:\/\/www.almamedia.fi\/mainostajat\/talta-digimarkkinointi-nayttaa-2025-trendit-ja-vinkit-markkinointipaattajalle\/"},"wordCount":620,"publisher":{"@id":"https:\/\/www.almamedia.fi\/mainostajat\/#organization"},"image":{"@id":"https:\/\/www.almamedia.fi\/mainostajat\/talta-digimarkkinointi-nayttaa-2025-trendit-ja-vinkit-markkinointipaattajalle\/#primaryimage"},"thumbnailUrl":"https:\/\/www.almamedia.fi\/mainostajat\/wp-content\/uploads\/sites\/6\/shutterstock_2302831023-scaled-1-scaled.jpg","keywords":["Data","Teko\u00e4ly","Trendit"],"articleSection":["Data","Mainostajalle"],"inLanguage":"fi"},{"@type":"WebPage","@id":"https:\/\/www.almamedia.fi\/mainostajat\/talta-digimarkkinointi-nayttaa-2025-trendit-ja-vinkit-markkinointipaattajalle\/","url":"https:\/\/www.almamedia.fi\/mainostajat\/talta-digimarkkinointi-nayttaa-2025-trendit-ja-vinkit-markkinointipaattajalle\/","name":"T\u00e4lt\u00e4 digimarkkinointi n\u00e4ytt\u00e4\u00e4 2025 \u2013 Trendit ja vinkit markkinointip\u00e4\u00e4tt\u00e4j\u00e4lle - Alma Media - mainostajat","isPartOf":{"@id":"https:\/\/www.almamedia.fi\/mainostajat\/#website"},"primaryImageOfPage":{"@id":"https:\/\/www.almamedia.fi\/mainostajat\/talta-digimarkkinointi-nayttaa-2025-trendit-ja-vinkit-markkinointipaattajalle\/#primaryimage"},"image":{"@id":"https:\/\/www.almamedia.fi\/mainostajat\/talta-digimarkkinointi-nayttaa-2025-trendit-ja-vinkit-markkinointipaattajalle\/#primaryimage"},"thumbnailUrl":"https:\/\/www.almamedia.fi\/mainostajat\/wp-content\/uploads\/sites\/6\/shutterstock_2302831023-scaled-1-scaled.jpg","datePublished":"2024-12-04T07:21:42+00:00","dateModified":"2025-05-07T10:14:47+00:00","breadcrumb":{"@id":"https:\/\/www.almamedia.fi\/mainostajat\/talta-digimarkkinointi-nayttaa-2025-trendit-ja-vinkit-markkinointipaattajalle\/#breadcrumb"},"inLanguage":"fi","potentialAction":[{"@type":"ReadAction","target":["https:\/\/www.almamedia.fi\/mainostajat\/talta-digimarkkinointi-nayttaa-2025-trendit-ja-vinkit-markkinointipaattajalle\/"]}]},{"@type":"ImageObject","inLanguage":"fi","@id":"https:\/\/www.almamedia.fi\/mainostajat\/talta-digimarkkinointi-nayttaa-2025-trendit-ja-vinkit-markkinointipaattajalle\/#primaryimage","url":"https:\/\/www.almamedia.fi\/mainostajat\/wp-content\/uploads\/sites\/6\/shutterstock_2302831023-scaled-1-scaled.jpg","contentUrl":"https:\/\/www.almamedia.fi\/mainostajat\/wp-content\/uploads\/sites\/6\/shutterstock_2302831023-scaled-1-scaled.jpg","width":2048,"height":1166},{"@type":"BreadcrumbList","@id":"https:\/\/www.almamedia.fi\/mainostajat\/talta-digimarkkinointi-nayttaa-2025-trendit-ja-vinkit-markkinointipaattajalle\/#breadcrumb","itemListElement":[{"@type":"ListItem","position":1,"name":"Etusivu","item":"https:\/\/www.almamedia.fi\/mainostajat\/"},{"@type":"ListItem","position":2,"name":"T\u00e4lt\u00e4 digimarkkinointi n\u00e4ytt\u00e4\u00e4 2025 \u2013 Trendit ja vinkit markkinointip\u00e4\u00e4tt\u00e4j\u00e4lle"}]},{"@type":"WebSite","@id":"https:\/\/www.almamedia.fi\/mainostajat\/#website","url":"https:\/\/www.almamedia.fi\/mainostajat\/","name":"Alma Media - mainostajat","description":"","publisher":{"@id":"https:\/\/www.almamedia.fi\/mainostajat\/#organization"},"potentialAction":[{"@type":"SearchAction","target":{"@type":"EntryPoint","urlTemplate":"https:\/\/www.almamedia.fi\/mainostajat\/?s={search_term_string}"},"query-input":{"@type":"PropertyValueSpecification","valueRequired":true,"valueName":"search_term_string"}}],"inLanguage":"fi"},{"@type":"Organization","@id":"https:\/\/www.almamedia.fi\/mainostajat\/#organization","name":"Alma Media - mainostajat","url":"https:\/\/www.almamedia.fi\/mainostajat\/","logo":{"@type":"ImageObject","inLanguage":"fi","@id":"https:\/\/www.almamedia.fi\/mainostajat\/#\/schema\/logo\/image\/","url":"https:\/\/www.almamedia.fi\/mainostajat\/wp-content\/uploads\/sites\/6\/alma-media-logo-valkoinen.svg","contentUrl":"https:\/\/www.almamedia.fi\/mainostajat\/wp-content\/uploads\/sites\/6\/alma-media-logo-valkoinen.svg","width":49,"height":50,"caption":"Alma Media - mainostajat"},"image":{"@id":"https:\/\/www.almamedia.fi\/mainostajat\/#\/schema\/logo\/image\/"}},{"@type":"Person","@id":"https:\/\/www.almamedia.fi\/mainostajat\/#\/schema\/person\/8acbddd1970aa87ecd0485bc31bb35f5","name":"Minna Oksanen"}]}},"lang":"fi","translations":{"fi":83142},"pll_sync_post":[],"_links":{"self":[{"href":"https:\/\/www.almamedia.fi\/mainostajat\/wp-json\/wp\/v2\/posts\/83142","targetHints":{"allow":["GET"]}}],"collection":[{"href":"https:\/\/www.almamedia.fi\/mainostajat\/wp-json\/wp\/v2\/posts"}],"about":[{"href":"https:\/\/www.almamedia.fi\/mainostajat\/wp-json\/wp\/v2\/types\/post"}],"author":[{"embeddable":true,"href":"https:\/\/www.almamedia.fi\/mainostajat\/wp-json\/wp\/v2\/users\/7"}],"replies":[{"embeddable":true,"href":"https:\/\/www.almamedia.fi\/mainostajat\/wp-json\/wp\/v2\/comments?post=83142"}],"version-history":[{"count":0,"href":"https:\/\/www.almamedia.fi\/mainostajat\/wp-json\/wp\/v2\/posts\/83142\/revisions"}],"wp:featuredmedia":[{"embeddable":true,"href":"https:\/\/www.almamedia.fi\/mainostajat\/wp-json\/wp\/v2\/media\/85472"}],"wp:attachment":[{"href":"https:\/\/www.almamedia.fi\/mainostajat\/wp-json\/wp\/v2\/media?parent=83142"}],"wp:term":[{"taxonomy":"category","embeddable":true,"href":"https:\/\/www.almamedia.fi\/mainostajat\/wp-json\/wp\/v2\/categories?post=83142"},{"taxonomy":"post_tag","embeddable":true,"href":"https:\/\/www.almamedia.fi\/mainostajat\/wp-json\/wp\/v2\/tags?post=83142"}],"curies":[{"name":"wp","href":"https:\/\/api.w.org\/{rel}","templated":true}]}}