{"id":68516,"date":"2023-09-01T09:08:06","date_gmt":"2023-09-01T06:08:06","guid":{"rendered":"https:\/\/www.almamedia.fi\/?p=68516"},"modified":"2025-05-07T13:08:33","modified_gmt":"2025-05-07T10:08:33","slug":"suomen-arvostetuimmat-brandit-on-taas-listattu-katso-brand-talk-2023","status":"publish","type":"post","link":"https:\/\/www.almamedia.fi\/mainostajat\/suomen-arvostetuimmat-brandit-on-taas-listattu-katso-brand-talk-2023\/","title":{"rendered":"Suomen arvostetuimmat br\u00e4ndit on taas listattu! Katso Brand Talk 2023"},"content":{"rendered":"\n<p><strong>Monet samat br\u00e4ndit s\u00e4ilyttiv\u00e4t t\u00e4n\u00e4kin vuonna paikkansa TOP10-listalla. K\u00e4rkisijalla paistattelee jo viidett\u00e4 kertaa per\u00e4kk\u00e4in Fiskars. S-Etukortti ja Kokkikartano kertovat puheenvuoroissaan, mit\u00e4 he pit\u00e4v\u00e4t br\u00e4ndity\u00f6ss\u00e4\u00e4n t\u00e4rke\u00e4n\u00e4 ja miten he ovat ansainneet asiakkaiden luottamuksen.<\/strong><\/p>\n\n\n\n<p>Br\u00e4ndinrakennus on pitk\u00e4j\u00e4nteist\u00e4 ja tavoitteellista toimintaa, jossa kannattaa toistaa niit\u00e4 hyvi\u00e4 asioita, joita on tehty, jotta luottamus ansaitaan ja s\u00e4ilytet\u00e4\u00e4n. Ep\u00e4varmoina aikoina ihmisten on luonnollista hakeutua tuttujen ja turvallisten asioiden pariin. Ehk\u00e4 juuri siksi ei ole yll\u00e4tt\u00e4v\u00e4\u00e4, ett\u00e4 monet samat br\u00e4ndit ovat mukana arvostetuimpien br\u00e4ndien listalla t\u00e4n\u00e4kin vuonna.<\/p>\n\n\n\n<p><\/p>\n\n\n\n<p><strong>Katso inspiroivat puheenvuorot sek\u00e4 tietysti arvostetuimpien br\u00e4ndien tulosjulkistus webinaaritallenteelta t\u00e4m\u00e4n jutun lopusta.<\/strong><\/p>\n\n\n\n<p><\/p>\n\n\n\n<h2 class=\"wp-block-heading\">Vuoden 2023 arvostetuimmat br\u00e4ndit ovat:<\/h2>\n\n\n\n<ol class=\"wp-block-list\" type=\"1\">\n<li>Fiskars<\/li>\n\n\n\n<li>Abloy<\/li>\n\n\n\n<li>Yle Areena<\/li>\n\n\n\n<li>Arabia<\/li>\n\n\n\n<li>Hyv\u00e4\u00e4 Suomesta -merkki<\/li>\n\n\n\n<li>S-Etukortti<\/li>\n\n\n\n<li>Prisma<\/li>\n\n\n\n<li>Joutsenmerkki<\/li>\n\n\n\n<li>Iittala<\/li>\n\n\n\n<li>SINI<\/li>\n<\/ol>\n\n\n\n<hr class=\"wp-block-separator has-alpha-channel-opacity\"\/>\n\n\n\n<h2 class=\"wp-block-heading\">SOK ja S-Etukortti<\/h2>\n\n\n\n<div class=\"wp-block-columns is-layout-flex wp-container-core-columns-is-layout-9d6595d7 wp-block-columns-is-layout-flex\">\n<div class=\"wp-block-column is-layout-flow wp-block-column-is-layout-flow\" style=\"flex-basis:66.66%\">\n<p><strong>\u201dMe olemme osa suomalaisten arkea\u201d<\/strong><\/p>\n\n\n\n<p>S-Etukortilla on suurin sitoutuneiden joukko tutkimuksessa olleista kanta- ja etuasiakasohjelmista (Kantar, Asiakkuusohjelmat 2022). Kanta-asiakasohjelmiin kuuluvista suomalaisista 58 % ei haluaisi luopua S-Etukortista. T\u00e4m\u00e4 on suuri osoitus luottamuksesta.<\/p>\n\n\n\n<p>Br\u00e4ndin saaman arvostuksen yll\u00e4pit\u00e4minen vaatii paljon koko ajan, se vaatii rohkeutta uudistua ja toimia. Miten voi pysy\u00e4 tuttuna ja turvallisena, ja toisaalta uudistua ja olla muutoksessa mukana?<\/p>\n<\/div>\n\n\n\n<div class=\"wp-block-column is-layout-flow wp-block-column-is-layout-flow\" style=\"flex-basis:33.33%\">\n<figure class=\"wp-block-image size-medium\"><img decoding=\"async\" src=\"https:\/\/www.almamedia.fi\/wp-content\/uploads\/2023\/08\/brandtalk2023_sok_heini_dahlstrom-224x300.jpg\" alt=\"\" class=\"wp-image-68524\"\/><figcaption class=\"wp-element-caption\"><strong>Heini Dahlstr\u00f6m<\/strong>, asiakkuusjohtaja, SOK<\/figcaption><\/figure>\n<\/div>\n<\/div>\n\n\n\n<p><\/p>\n\n\n\n<p><strong>Asiakkaat mukaan kehitysty\u00f6h\u00f6n!<\/strong><\/p>\n\n\n\n<p>Kaikki kehitysty\u00f6 SOK:lla tehd\u00e4\u00e4n hyvin asiakasl\u00e4ht\u00f6isesti. Kehityksen l\u00e4ht\u00f6kohtana pidet\u00e4\u00e4nkin ohjenuoraa: palveluiden tulee olla niin hyvi\u00e4, ett\u00e4 asiakas haluaa k\u00e4ytt\u00e4\u00e4 niit\u00e4. Puheenvuorossaan Heini kertoo, miten SOK tekee kehitysty\u00f6t\u00e4 yhdess\u00e4 asiakkaan kanssa ja <strong>miten datasta saatu asiakasymm\u00e4rrys on k\u00e4\u00e4ntynyt n\u00e4kyviksi teoiksi asiakkaille.<\/strong><\/p>\n\n\n\n<p><\/p>\n\n\n\n<p><\/p>\n\n\n\n<hr class=\"wp-block-separator has-alpha-channel-opacity\"\/>\n\n\n\n<h2 class=\"wp-block-heading\">Kokkikartano<\/h2>\n\n\n\n<div class=\"wp-block-columns is-layout-flex wp-container-core-columns-is-layout-9d6595d7 wp-block-columns-is-layout-flex\">\n<div class=\"wp-block-column is-layout-flow wp-block-column-is-layout-flow\" style=\"flex-basis:66.66%\">\n<p><strong><strong>\u201dAsiakkaamme tykk\u00e4\u00e4v\u00e4t meist\u00e4, ja me asiakkaistamme\u201d<\/strong><\/strong><\/p>\n\n\n\n<p>Kokkikartanon liikevaihdon kasvu on ollut viime vuosina hurjaa. Yksi syy menestykseen on tekeminen rohkeasti omalla tyylill\u00e4 sek\u00e4 se, ett\u00e4 Kokkikartano on pystynyt vastaamaan kuluttajien muuttuneisiin ja uudentyyppisiin tarpeisiin, joita esimerkiksi pandemia on tuonut ruokailutottumuksiin.<\/p>\n\n\n\n<p><strong>Pienest\u00e4 keravalaisesta ruokatalosta yhdeksi preferoiduimmaksi br\u00e4ndiksi<\/strong><\/p>\n\n\n\n<p>Yli 10 vuotta sitten Kokkikartano l\u00e4hti uudistamaan koko valmisruokakategoriaa. Mist\u00e4 huima kasvu kymmeness\u00e4 vuodessa johtuu, onko br\u00e4ndiss\u00e4 tai markkinointistrategiassa tehty jotain toisin?<\/p>\n\n\n\n<p><\/p>\n<\/div>\n\n\n\n<div class=\"wp-block-column is-layout-flow wp-block-column-is-layout-flow\" style=\"flex-basis:33.33%\">\n<figure class=\"wp-block-image size-medium\"><img decoding=\"async\" src=\"https:\/\/www.almamedia.fi\/wp-content\/uploads\/2023\/08\/brandtalk2023_kokkikartano_sanna_heikfolk-224x300.jpg\" alt=\"\" class=\"wp-image-68537\"\/><figcaption class=\"wp-element-caption\"><strong>Sanna Heikfolk<\/strong>, tuoteryhm\u00e4- ja br\u00e4ndip\u00e4\u00e4llikk\u00f6, Snellmanin Kokkikartano Oy<\/figcaption><\/figure>\n<\/div>\n<\/div>\n\n\n\n<p>Kokkikartanossa kuluttajapalveluun panostetaan erityisell\u00e4 tavalla. Jo alkuajoista l\u00e4htien Kokkikartanossa on panostettu asiakaspalautteisiin. Kuluttajilta on kysytty ja kysyt\u00e4\u00e4n edelleen mielipidett\u00e4, ja jokaiseen palautteeseen vastataan. Asiakkailta saama palaute otetaan niin tosissaan, ett\u00e4 se n\u00e4kyy jopa tuotekehityksess\u00e4. <\/p>\n\n\n\n<h2 class=\"wp-block-heading has-text-align-center\">Brand Talk 2023 -ohjelma<\/h2>\n\n\n\n<p class=\"has-text-align-center\">Tervetuloa Brand Talkiin<br><strong>Susanna Virkkula<\/strong>, markkinointijohtaja, Alma Mediaratkaisut<\/p>\n\n\n\n<p class=\"has-text-align-center\">Vahva asiakasymm\u00e4rrys kiritt\u00e4\u00e4 S-Etukortin kehitt\u00e4mist\u00e4<br>&nbsp;<strong>Heini Dahlstr\u00f6m<\/strong>, asiakkuusjohtaja, SOK<\/p>\n\n\n\n<p class=\"has-text-align-center\">Kokkikartano \u2013 pienen keravalaisen ruokatehtaan tarina<br>&nbsp;<strong>Sanna Heikfolk<\/strong>, tuoteryhm\u00e4- ja br\u00e4ndip\u00e4\u00e4llikk\u00f6, Snellmanin Kokkikartano Oy<\/p>\n\n\n\n<p class=\"has-text-align-center\">Br\u00e4ndien arvostus 2023 -tutkimuksen tulosten julkistus<br><strong>Katja Sipponen, <\/strong>Senior Insight Manager, Taloustutkimus Oy<\/p>\n\n\n\n<p class=\"has-text-align-center\">Miten kuluttajien arvot vaikuttavat br\u00e4ndien arvostukseen?<br><strong>Marko Per\u00e4lahti, <\/strong>Senior Client Director, Taloustutkimus Oy<\/p>\n\n\n\n<hr class=\"wp-block-separator has-alpha-channel-opacity\"\/>\n\n\n\n<p><\/p>\n\n\n\n<p><\/p>\n\n\n\n    <div  class=\"alma-iframe\">\n\n        <div class=\"iframe-content\"><script src=\"https:\/\/cdn.jwplayer.com\/players\/9448f7vS-e4On0iLE.js\"><\/script><\/div>\n    <\/div>\n\n\n\n\n\n\n\n<p><br><\/p>\n\n\n\n<p class=\"has-small-font-size\"><strong>Mik\u00e4 on Br\u00e4ndien arvostus -tutkimus?<\/strong><br>Taloustutkimuksen vuosittain tekem\u00e4 Br\u00e4ndien arvostus -tutkimus on paljon muutakin kuin ranking-listaus! Tutkimusraportti antaa laajan katsauksen tutkittuihin br\u00e4ndeihin sek\u00e4 br\u00e4ndien kilpailukentt\u00e4\u00e4n, mahdollistaa kohderyhm\u00e4tarkastelun ja tiedon vertaamisen 78 tuoteryhm\u00e4ss\u00e4 ja 665 br\u00e4ndin kesken.<\/p>\n\n\n\n<p class=\"has-small-font-size\">Br\u00e4ndien arvostus 2023 -tutkimus on tehty yhteisty\u00f6ss\u00e4 Taloustutkimuksen ja Alma Median kanssa. Kysely toteutettiin Taloustutkimuksen nettipaneelissa kev\u00e4\u00e4ll\u00e4 2023. Tutkimuksen kohderyhm\u00e4n\u00e4 on 15\u201379-vuotiaat suomalaiset valtakunnallisesti. <a rel=\"noreferrer noopener\" href=\"https:\/\/www.taloustutkimus.fi\/ajankohtaista\/uutisia\/arvostetuimmat-brandit-2023.html\" target=\"_blank\">Lue lis\u00e4\u00e4 tutkimuksesta \u00bb<\/a><\/p>\n\n\n\n<p><\/p>\n","protected":false},"excerpt":{"rendered":"<p>Monet samat br\u00e4ndit s\u00e4ilyttiv\u00e4t t\u00e4n\u00e4kin vuonna paikkansa TOP10-listalla. K\u00e4rkisijalla paistattelee jo viidett\u00e4 kertaa per\u00e4kk\u00e4in Fiskars. [&hellip;]<\/p>\n","protected":false},"author":105,"featured_media":68517,"comment_status":"closed","ping_status":"closed","sticky":false,"template":"","format":"standard","meta":{"_acf_changed":false,"footnotes":""},"categories":[128,139,125],"tags":[99,76],"class_list":["post-68516","post","type-post","status-publish","format-standard","has-post-thumbnail","hentry","category-alma-talk-fi","category-brandi","category-mainostajalle-fi","tag-brand-talk","tag-brandit-ja-markkinointi"],"acf":[],"yoast_head":"<!-- This site is optimized with the Yoast SEO plugin v26.9 - https:\/\/yoast.com\/product\/yoast-seo-wordpress\/ -->\n<title>Suomen arvostetuimmat br\u00e4ndit on taas listattu! Katso Brand Talk 2023 - Alma Media - mainostajat<\/title>\n<meta name=\"robots\" content=\"index, follow, max-snippet:-1, max-image-preview:large, max-video-preview:-1\" \/>\n<link rel=\"canonical\" href=\"https:\/\/www.almamedia.fi\/mainostajat\/suomen-arvostetuimmat-brandit-on-taas-listattu-katso-brand-talk-2023\/\" \/>\n<meta property=\"og:locale\" content=\"fi_FI\" \/>\n<meta property=\"og:type\" content=\"article\" \/>\n<meta property=\"og:title\" content=\"Suomen arvostetuimmat br\u00e4ndit on taas listattu! Katso Brand Talk 2023 - Alma Media - mainostajat\" \/>\n<meta property=\"og:description\" content=\"Monet samat br\u00e4ndit s\u00e4ilyttiv\u00e4t t\u00e4n\u00e4kin vuonna paikkansa TOP10-listalla. K\u00e4rkisijalla paistattelee jo viidett\u00e4 kertaa per\u00e4kk\u00e4in Fiskars. [&hellip;]\" \/>\n<meta property=\"og:url\" content=\"https:\/\/www.almamedia.fi\/mainostajat\/suomen-arvostetuimmat-brandit-on-taas-listattu-katso-brand-talk-2023\/\" \/>\n<meta property=\"og:site_name\" content=\"Alma Media - mainostajat\" \/>\n<meta property=\"article:published_time\" content=\"2023-09-01T06:08:06+00:00\" \/>\n<meta property=\"article:modified_time\" content=\"2025-05-07T10:08:33+00:00\" \/>\n<meta property=\"og:image\" content=\"https:\/\/www.almamedia.fi\/mainostajat\/wp-content\/uploads\/sites\/4\/brandtalk2023_header.jpg\" \/>\n\t<meta property=\"og:image:width\" content=\"1920\" \/>\n\t<meta property=\"og:image:height\" content=\"1080\" \/>\n\t<meta property=\"og:image:type\" content=\"image\/jpeg\" \/>\n<meta name=\"author\" content=\"Alma Media\" \/>\n<meta name=\"twitter:card\" content=\"summary_large_image\" \/>\n<meta name=\"twitter:label1\" content=\"Kirjoittanut\" \/>\n\t<meta name=\"twitter:data1\" content=\"Alma Media\" \/>\n\t<meta name=\"twitter:label2\" content=\"Arvioitu lukuaika\" \/>\n\t<meta name=\"twitter:data2\" content=\"3 minuuttia\" \/>\n<script type=\"application\/ld+json\" class=\"yoast-schema-graph\">{\"@context\":\"https:\/\/schema.org\",\"@graph\":[{\"@type\":\"Article\",\"@id\":\"https:\/\/www.almamedia.fi\/mainostajat\/suomen-arvostetuimmat-brandit-on-taas-listattu-katso-brand-talk-2023\/#article\",\"isPartOf\":{\"@id\":\"https:\/\/www.almamedia.fi\/mainostajat\/suomen-arvostetuimmat-brandit-on-taas-listattu-katso-brand-talk-2023\/\"},\"author\":{\"name\":\"Alma Media\",\"@id\":\"https:\/\/www.almamedia.fi\/mainostajat\/#\/schema\/person\/8e46d29ba7eb8994a4264d6f968de1f0\"},\"headline\":\"Suomen arvostetuimmat br\u00e4ndit on taas listattu! Katso Brand Talk 2023\",\"datePublished\":\"2023-09-01T06:08:06+00:00\",\"dateModified\":\"2025-05-07T10:08:33+00:00\",\"mainEntityOfPage\":{\"@id\":\"https:\/\/www.almamedia.fi\/mainostajat\/suomen-arvostetuimmat-brandit-on-taas-listattu-katso-brand-talk-2023\/\"},\"wordCount\":537,\"publisher\":{\"@id\":\"https:\/\/www.almamedia.fi\/mainostajat\/#organization\"},\"image\":{\"@id\":\"https:\/\/www.almamedia.fi\/mainostajat\/suomen-arvostetuimmat-brandit-on-taas-listattu-katso-brand-talk-2023\/#primaryimage\"},\"thumbnailUrl\":\"https:\/\/www.almamedia.fi\/mainostajat\/wp-content\/uploads\/sites\/6\/brandtalk2023_header.jpg\",\"keywords\":[\"Brand Talk\",\"Br\u00e4ndit ja markkinointi\"],\"articleSection\":[\"Alma Talk\",\"Br\u00e4ndi\",\"Mainostajalle\"],\"inLanguage\":\"fi\"},{\"@type\":\"WebPage\",\"@id\":\"https:\/\/www.almamedia.fi\/mainostajat\/suomen-arvostetuimmat-brandit-on-taas-listattu-katso-brand-talk-2023\/\",\"url\":\"https:\/\/www.almamedia.fi\/mainostajat\/suomen-arvostetuimmat-brandit-on-taas-listattu-katso-brand-talk-2023\/\",\"name\":\"Suomen arvostetuimmat br\u00e4ndit on taas listattu! Katso Brand Talk 2023 - Alma Media - mainostajat\",\"isPartOf\":{\"@id\":\"https:\/\/www.almamedia.fi\/mainostajat\/#website\"},\"primaryImageOfPage\":{\"@id\":\"https:\/\/www.almamedia.fi\/mainostajat\/suomen-arvostetuimmat-brandit-on-taas-listattu-katso-brand-talk-2023\/#primaryimage\"},\"image\":{\"@id\":\"https:\/\/www.almamedia.fi\/mainostajat\/suomen-arvostetuimmat-brandit-on-taas-listattu-katso-brand-talk-2023\/#primaryimage\"},\"thumbnailUrl\":\"https:\/\/www.almamedia.fi\/mainostajat\/wp-content\/uploads\/sites\/6\/brandtalk2023_header.jpg\",\"datePublished\":\"2023-09-01T06:08:06+00:00\",\"dateModified\":\"2025-05-07T10:08:33+00:00\",\"breadcrumb\":{\"@id\":\"https:\/\/www.almamedia.fi\/mainostajat\/suomen-arvostetuimmat-brandit-on-taas-listattu-katso-brand-talk-2023\/#breadcrumb\"},\"inLanguage\":\"fi\",\"potentialAction\":[{\"@type\":\"ReadAction\",\"target\":[\"https:\/\/www.almamedia.fi\/mainostajat\/suomen-arvostetuimmat-brandit-on-taas-listattu-katso-brand-talk-2023\/\"]}]},{\"@type\":\"ImageObject\",\"inLanguage\":\"fi\",\"@id\":\"https:\/\/www.almamedia.fi\/mainostajat\/suomen-arvostetuimmat-brandit-on-taas-listattu-katso-brand-talk-2023\/#primaryimage\",\"url\":\"https:\/\/www.almamedia.fi\/mainostajat\/wp-content\/uploads\/sites\/6\/brandtalk2023_header.jpg\",\"contentUrl\":\"https:\/\/www.almamedia.fi\/mainostajat\/wp-content\/uploads\/sites\/6\/brandtalk2023_header.jpg\",\"width\":1920,\"height\":1080,\"caption\":\"Brand Talk 2023 \u2013 Katso Suomen arvostetuimmat br\u00e4ndit TOP10\"},{\"@type\":\"BreadcrumbList\",\"@id\":\"https:\/\/www.almamedia.fi\/mainostajat\/suomen-arvostetuimmat-brandit-on-taas-listattu-katso-brand-talk-2023\/#breadcrumb\",\"itemListElement\":[{\"@type\":\"ListItem\",\"position\":1,\"name\":\"Etusivu\",\"item\":\"https:\/\/www.almamedia.fi\/mainostajat\/\"},{\"@type\":\"ListItem\",\"position\":2,\"name\":\"Suomen arvostetuimmat br\u00e4ndit on taas listattu! Katso Brand Talk 2023\"}]},{\"@type\":\"WebSite\",\"@id\":\"https:\/\/www.almamedia.fi\/mainostajat\/#website\",\"url\":\"https:\/\/www.almamedia.fi\/mainostajat\/\",\"name\":\"Alma Media - mainostajat\",\"description\":\"\",\"publisher\":{\"@id\":\"https:\/\/www.almamedia.fi\/mainostajat\/#organization\"},\"potentialAction\":[{\"@type\":\"SearchAction\",\"target\":{\"@type\":\"EntryPoint\",\"urlTemplate\":\"https:\/\/www.almamedia.fi\/mainostajat\/?s={search_term_string}\"},\"query-input\":{\"@type\":\"PropertyValueSpecification\",\"valueRequired\":true,\"valueName\":\"search_term_string\"}}],\"inLanguage\":\"fi\"},{\"@type\":\"Organization\",\"@id\":\"https:\/\/www.almamedia.fi\/mainostajat\/#organization\",\"name\":\"Alma Media - mainostajat\",\"url\":\"https:\/\/www.almamedia.fi\/mainostajat\/\",\"logo\":{\"@type\":\"ImageObject\",\"inLanguage\":\"fi\",\"@id\":\"https:\/\/www.almamedia.fi\/mainostajat\/#\/schema\/logo\/image\/\",\"url\":\"https:\/\/www.almamedia.fi\/mainostajat\/wp-content\/uploads\/sites\/6\/alma-media-logo-valkoinen.svg\",\"contentUrl\":\"https:\/\/www.almamedia.fi\/mainostajat\/wp-content\/uploads\/sites\/6\/alma-media-logo-valkoinen.svg\",\"width\":49,\"height\":50,\"caption\":\"Alma Media - mainostajat\"},\"image\":{\"@id\":\"https:\/\/www.almamedia.fi\/mainostajat\/#\/schema\/logo\/image\/\"}},{\"@type\":\"Person\",\"@id\":\"https:\/\/www.almamedia.fi\/mainostajat\/#\/schema\/person\/8e46d29ba7eb8994a4264d6f968de1f0\",\"name\":\"Alma Media\"}]}<\/script>\n<!-- \/ Yoast SEO plugin. -->","yoast_head_json":{"title":"Suomen arvostetuimmat br\u00e4ndit on taas listattu! Katso Brand Talk 2023 - Alma Media - mainostajat","robots":{"index":"index","follow":"follow","max-snippet":"max-snippet:-1","max-image-preview":"max-image-preview:large","max-video-preview":"max-video-preview:-1"},"canonical":"https:\/\/www.almamedia.fi\/mainostajat\/suomen-arvostetuimmat-brandit-on-taas-listattu-katso-brand-talk-2023\/","og_locale":"fi_FI","og_type":"article","og_title":"Suomen arvostetuimmat br\u00e4ndit on taas listattu! Katso Brand Talk 2023 - Alma Media - mainostajat","og_description":"Monet samat br\u00e4ndit s\u00e4ilyttiv\u00e4t t\u00e4n\u00e4kin vuonna paikkansa TOP10-listalla. K\u00e4rkisijalla paistattelee jo viidett\u00e4 kertaa per\u00e4kk\u00e4in Fiskars. [&hellip;]","og_url":"https:\/\/www.almamedia.fi\/mainostajat\/suomen-arvostetuimmat-brandit-on-taas-listattu-katso-brand-talk-2023\/","og_site_name":"Alma Media - mainostajat","article_published_time":"2023-09-01T06:08:06+00:00","article_modified_time":"2025-05-07T10:08:33+00:00","og_image":[{"width":1920,"height":1080,"url":"https:\/\/www.almamedia.fi\/mainostajat\/wp-content\/uploads\/sites\/4\/brandtalk2023_header.jpg","type":"image\/jpeg"}],"author":"Alma Media","twitter_card":"summary_large_image","twitter_misc":{"Kirjoittanut":"Alma Media","Arvioitu lukuaika":"3 minuuttia"},"schema":{"@context":"https:\/\/schema.org","@graph":[{"@type":"Article","@id":"https:\/\/www.almamedia.fi\/mainostajat\/suomen-arvostetuimmat-brandit-on-taas-listattu-katso-brand-talk-2023\/#article","isPartOf":{"@id":"https:\/\/www.almamedia.fi\/mainostajat\/suomen-arvostetuimmat-brandit-on-taas-listattu-katso-brand-talk-2023\/"},"author":{"name":"Alma Media","@id":"https:\/\/www.almamedia.fi\/mainostajat\/#\/schema\/person\/8e46d29ba7eb8994a4264d6f968de1f0"},"headline":"Suomen arvostetuimmat br\u00e4ndit on taas listattu! Katso Brand Talk 2023","datePublished":"2023-09-01T06:08:06+00:00","dateModified":"2025-05-07T10:08:33+00:00","mainEntityOfPage":{"@id":"https:\/\/www.almamedia.fi\/mainostajat\/suomen-arvostetuimmat-brandit-on-taas-listattu-katso-brand-talk-2023\/"},"wordCount":537,"publisher":{"@id":"https:\/\/www.almamedia.fi\/mainostajat\/#organization"},"image":{"@id":"https:\/\/www.almamedia.fi\/mainostajat\/suomen-arvostetuimmat-brandit-on-taas-listattu-katso-brand-talk-2023\/#primaryimage"},"thumbnailUrl":"https:\/\/www.almamedia.fi\/mainostajat\/wp-content\/uploads\/sites\/6\/brandtalk2023_header.jpg","keywords":["Brand Talk","Br\u00e4ndit ja markkinointi"],"articleSection":["Alma Talk","Br\u00e4ndi","Mainostajalle"],"inLanguage":"fi"},{"@type":"WebPage","@id":"https:\/\/www.almamedia.fi\/mainostajat\/suomen-arvostetuimmat-brandit-on-taas-listattu-katso-brand-talk-2023\/","url":"https:\/\/www.almamedia.fi\/mainostajat\/suomen-arvostetuimmat-brandit-on-taas-listattu-katso-brand-talk-2023\/","name":"Suomen arvostetuimmat br\u00e4ndit on taas listattu! Katso Brand Talk 2023 - Alma Media - mainostajat","isPartOf":{"@id":"https:\/\/www.almamedia.fi\/mainostajat\/#website"},"primaryImageOfPage":{"@id":"https:\/\/www.almamedia.fi\/mainostajat\/suomen-arvostetuimmat-brandit-on-taas-listattu-katso-brand-talk-2023\/#primaryimage"},"image":{"@id":"https:\/\/www.almamedia.fi\/mainostajat\/suomen-arvostetuimmat-brandit-on-taas-listattu-katso-brand-talk-2023\/#primaryimage"},"thumbnailUrl":"https:\/\/www.almamedia.fi\/mainostajat\/wp-content\/uploads\/sites\/6\/brandtalk2023_header.jpg","datePublished":"2023-09-01T06:08:06+00:00","dateModified":"2025-05-07T10:08:33+00:00","breadcrumb":{"@id":"https:\/\/www.almamedia.fi\/mainostajat\/suomen-arvostetuimmat-brandit-on-taas-listattu-katso-brand-talk-2023\/#breadcrumb"},"inLanguage":"fi","potentialAction":[{"@type":"ReadAction","target":["https:\/\/www.almamedia.fi\/mainostajat\/suomen-arvostetuimmat-brandit-on-taas-listattu-katso-brand-talk-2023\/"]}]},{"@type":"ImageObject","inLanguage":"fi","@id":"https:\/\/www.almamedia.fi\/mainostajat\/suomen-arvostetuimmat-brandit-on-taas-listattu-katso-brand-talk-2023\/#primaryimage","url":"https:\/\/www.almamedia.fi\/mainostajat\/wp-content\/uploads\/sites\/6\/brandtalk2023_header.jpg","contentUrl":"https:\/\/www.almamedia.fi\/mainostajat\/wp-content\/uploads\/sites\/6\/brandtalk2023_header.jpg","width":1920,"height":1080,"caption":"Brand Talk 2023 \u2013 Katso Suomen arvostetuimmat br\u00e4ndit TOP10"},{"@type":"BreadcrumbList","@id":"https:\/\/www.almamedia.fi\/mainostajat\/suomen-arvostetuimmat-brandit-on-taas-listattu-katso-brand-talk-2023\/#breadcrumb","itemListElement":[{"@type":"ListItem","position":1,"name":"Etusivu","item":"https:\/\/www.almamedia.fi\/mainostajat\/"},{"@type":"ListItem","position":2,"name":"Suomen arvostetuimmat br\u00e4ndit on taas listattu! Katso Brand Talk 2023"}]},{"@type":"WebSite","@id":"https:\/\/www.almamedia.fi\/mainostajat\/#website","url":"https:\/\/www.almamedia.fi\/mainostajat\/","name":"Alma Media - mainostajat","description":"","publisher":{"@id":"https:\/\/www.almamedia.fi\/mainostajat\/#organization"},"potentialAction":[{"@type":"SearchAction","target":{"@type":"EntryPoint","urlTemplate":"https:\/\/www.almamedia.fi\/mainostajat\/?s={search_term_string}"},"query-input":{"@type":"PropertyValueSpecification","valueRequired":true,"valueName":"search_term_string"}}],"inLanguage":"fi"},{"@type":"Organization","@id":"https:\/\/www.almamedia.fi\/mainostajat\/#organization","name":"Alma Media - mainostajat","url":"https:\/\/www.almamedia.fi\/mainostajat\/","logo":{"@type":"ImageObject","inLanguage":"fi","@id":"https:\/\/www.almamedia.fi\/mainostajat\/#\/schema\/logo\/image\/","url":"https:\/\/www.almamedia.fi\/mainostajat\/wp-content\/uploads\/sites\/6\/alma-media-logo-valkoinen.svg","contentUrl":"https:\/\/www.almamedia.fi\/mainostajat\/wp-content\/uploads\/sites\/6\/alma-media-logo-valkoinen.svg","width":49,"height":50,"caption":"Alma Media - mainostajat"},"image":{"@id":"https:\/\/www.almamedia.fi\/mainostajat\/#\/schema\/logo\/image\/"}},{"@type":"Person","@id":"https:\/\/www.almamedia.fi\/mainostajat\/#\/schema\/person\/8e46d29ba7eb8994a4264d6f968de1f0","name":"Alma Media"}]}},"lang":"fi","translations":{"fi":68516},"pll_sync_post":[],"_links":{"self":[{"href":"https:\/\/www.almamedia.fi\/mainostajat\/wp-json\/wp\/v2\/posts\/68516","targetHints":{"allow":["GET"]}}],"collection":[{"href":"https:\/\/www.almamedia.fi\/mainostajat\/wp-json\/wp\/v2\/posts"}],"about":[{"href":"https:\/\/www.almamedia.fi\/mainostajat\/wp-json\/wp\/v2\/types\/post"}],"author":[{"embeddable":true,"href":"https:\/\/www.almamedia.fi\/mainostajat\/wp-json\/wp\/v2\/users\/105"}],"replies":[{"embeddable":true,"href":"https:\/\/www.almamedia.fi\/mainostajat\/wp-json\/wp\/v2\/comments?post=68516"}],"version-history":[{"count":0,"href":"https:\/\/www.almamedia.fi\/mainostajat\/wp-json\/wp\/v2\/posts\/68516\/revisions"}],"wp:featuredmedia":[{"embeddable":true,"href":"https:\/\/www.almamedia.fi\/mainostajat\/wp-json\/wp\/v2\/media\/68517"}],"wp:attachment":[{"href":"https:\/\/www.almamedia.fi\/mainostajat\/wp-json\/wp\/v2\/media?parent=68516"}],"wp:term":[{"taxonomy":"category","embeddable":true,"href":"https:\/\/www.almamedia.fi\/mainostajat\/wp-json\/wp\/v2\/categories?post=68516"},{"taxonomy":"post_tag","embeddable":true,"href":"https:\/\/www.almamedia.fi\/mainostajat\/wp-json\/wp\/v2\/tags?post=68516"}],"curies":[{"name":"wp","href":"https:\/\/api.w.org\/{rel}","templated":true}]}}